{"id":25458,"date":"2016-08-22T14:21:25","date_gmt":"2016-08-22T19:21:25","guid":{"rendered":"https:\/\/radiowebmx.com\/nota\/?p=25458"},"modified":"2016-08-22T14:21:25","modified_gmt":"2016-08-22T19:21:25","slug":"no-hay-tiempo-que-perder-wilfrido-lazaro-medina","status":"publish","type":"post","link":"https:\/\/radiowebmx.com\/nota\/no-hay-tiempo-que-perder-wilfrido-lazaro-medina\/","title":{"rendered":"&#8220;No hay tiempo que perder.&#8221; Wilfrido L\u00e1zaro Medina"},"content":{"rendered":"<p>Una sociedad comprometida con la educaci\u00f3n de nuestros ni\u00f1os, en este nuevo ciclo escolar. Eso debemos de ser los michoacanos.<\/p>\n<p>No ser\u00eda justo ni \u00e9tico\u00a0 que nuestros ni\u00f1os y j\u00f3venes pierdan el tiempo ante la imperiosa necesidad de ser competitivos para la vida, expres\u00f3 el Dip. Wilfrido L\u00e1zaro Medina, profesor de profesi\u00f3n.<\/p>\n<p>Convoc\u00f3 a todos los padres de familia a estar muy atentos al desarrollo educativo de sus hijos. Convoc\u00f3 a los<\/p>\n<p>Maestros de convicci\u00f3n y coraz\u00f3n a dar todo de s\u00ed para que sus alumnos sean mejor generaci\u00f3n que quienes ahora somos adultos.<\/p>\n<p>Todos debemos demostrar el compromiso que tenemos con nuestro ni\u00f1os y ni\u00f1as y su educaci\u00f3n, pues es por medio de \u00e9sta como todos ellos tendr\u00e1n mejores oportunidades en este mundo que cada vez est\u00e1 m\u00e1s competido, asegur\u00f3 quien tambi\u00e9n ya ha sido Subsecretario de Educaci\u00f3n b\u00e1sica en Michoac\u00e1n.<\/p>\n<p>&nbsp;<\/p>\n<p>El ciclo escolar inicia y la sociedad michoacana debe expresarse haciendo votos para que sea un gran a\u00f1o en el que todos\u00a0 nuestros hijos aprovechen muy bien sus estudios, que se esfuercen ellos y que nosotros hagamos lo necesario para que hagan sus tareas, para que repasen lo que estudien en la escuela; para que lleven a cabo investigaciones y dejen de lado la televisi\u00f3n y los juegos de los celulares y tabletas.<\/p>\n<p>Como padres y madres de familia es muy importante estar al pendiente de que los ni\u00f1os cumplan con sus tareas, que lean mucho, que disfruten de su educaci\u00f3n y le den el valor que tiene para su futuro.<\/p>\n<p>Es fundamental que la comunidad escolar se instale y se comprometa con nuestras nuevas generaciones.<\/p>\n<p>La comunidad escolar se integra por las autoridades educativas, los docentes y su personal de apoyo administrativo y manual, pero tambi\u00e9n por los padres de familia y la raz\u00f3n de ser de esta labor que son los estudiantes.<\/p>\n<p>Hagamos un compromiso con los ni\u00f1os y los j\u00f3venes para que sepan que su gobierno y toda la sociedad estar\u00e1n al pendiente de que tengan un gran a\u00f1o escolar. No hay tiempo que perder. Nuestros ni\u00f1os van primero y adem\u00e1s de nuestra obligaci\u00f3n, lo principal es el derecho humano fundamental que tienen para recibir una educaci\u00f3n de calidad desde su familia, su escuela y su comunidad.<\/p>\n<p>Sin dejar de lado nuestras posiciones ideol\u00f3gicas o gremiales, pongamos por delante de nuestros intereses personales y de grupo a los ni\u00f1os y los j\u00f3venes de Michoac\u00e1n.<\/p>\n","protected":false},"excerpt":{"rendered":"<p>Una sociedad comprometida con la educaci\u00f3n de nuestros ni\u00f1os, en este nuevo ciclo escolar. Eso debemos de ser los michoacanos. No ser\u00eda justo ni \u00e9tico  que nuestros ni\u00f1os y j\u00f3venes pierdan el tiempo ante la imperiosa necesidad de ser competitivos para la vida, expres\u00f3 el Dip. Wilfrido L\u00e1zaro Medina, profesor de profesi\u00f3n.<\/p>\n","protected":false},"author":1,"featured_media":25459,"comment_status":"open","ping_status":"open","sticky":false,"template":"","format":"standard","meta":{"footnotes":""},"categories":[11,12],"tags":[],"class_list":["post-25458","post","type-post","status-publish","format-standard","has-post-thumbnail","hentry","category-partidos-politicos","category-pri"],"_links":{"self":[{"href":"https:\/\/radiowebmx.com\/nota\/wp-json\/wp\/v2\/posts\/25458","targetHints":{"allow":["GET"]}}],"collection":[{"href":"https:\/\/radiowebmx.com\/nota\/wp-json\/wp\/v2\/posts"}],"about":[{"href":"https:\/\/radiowebmx.com\/nota\/wp-json\/wp\/v2\/types\/post"}],"author":[{"embeddable":true,"href":"https:\/\/radiowebmx.com\/nota\/wp-json\/wp\/v2\/users\/1"}],"replies":[{"embeddable":true,"href":"https:\/\/radiowebmx.com\/nota\/wp-json\/wp\/v2\/comments?post=25458"}],"version-history":[{"count":1,"href":"https:\/\/radiowebmx.com\/nota\/wp-json\/wp\/v2\/posts\/25458\/revisions"}],"predecessor-version":[{"id":25460,"href":"https:\/\/radiowebmx.com\/nota\/wp-json\/wp\/v2\/posts\/25458\/revisions\/25460"}],"wp:featuredmedia":[{"embeddable":true,"href":"https:\/\/radiowebmx.com\/nota\/wp-json\/wp\/v2\/media\/25459"}],"wp:attachment":[{"href":"https:\/\/radiowebmx.com\/nota\/wp-json\/wp\/v2\/media?parent=25458"}],"wp:term":[{"taxonomy":"category","embeddable":true,"href":"https:\/\/radiowebmx.com\/nota\/wp-json\/wp\/v2\/categories?post=25458"},{"taxonomy":"post_tag","embeddable":true,"href":"https:\/\/radiowebmx.com\/nota\/wp-json\/wp\/v2\/tags?post=25458"}],"curies":[{"name":"wp","href":"https:\/\/api.w.org\/{rel}","templated":true}]}}