{"id":25450,"date":"2016-08-22T11:49:46","date_gmt":"2016-08-22T16:49:46","guid":{"rendered":"https:\/\/radiowebmx.com\/nota\/?p=25450"},"modified":"2016-08-22T11:49:46","modified_gmt":"2016-08-22T16:49:46","slug":"garantiza-ssp-regreso-a-clases-tranquilo-y-en-orden","status":"publish","type":"post","link":"https:\/\/radiowebmx.com\/nota\/garantiza-ssp-regreso-a-clases-tranquilo-y-en-orden\/","title":{"rendered":"Garantiza SSP regreso a clases tranquilo y en orden"},"content":{"rendered":"<p><a href=\"https:\/\/radiowebmx.com\/nota\/wp-content\/uploads\/2016\/08\/c47c7c82-43b2-479f-96cb-e1a6f20223761.jpeg\"><img loading=\"lazy\" decoding=\"async\" class=\"alignleft size-full wp-image-25452\" src=\"https:\/\/radiowebmx.com\/nota\/wp-content\/uploads\/2016\/08\/c47c7c82-43b2-479f-96cb-e1a6f20223761.jpeg\" alt=\"c47c7c82-43b2-479f-96cb-e1a6f2022376\" width=\"591\" height=\"286\" srcset=\"https:\/\/radiowebmx.com\/nota\/wp-content\/uploads\/2016\/08\/c47c7c82-43b2-479f-96cb-e1a6f20223761.jpeg 591w, https:\/\/radiowebmx.com\/nota\/wp-content\/uploads\/2016\/08\/c47c7c82-43b2-479f-96cb-e1a6f20223761-300x145.jpeg 300w\" sizes=\"auto, (max-width: 591px) 100vw, 591px\" \/><\/a>Desde este domingo, la Secretar\u00eda de Seguridad P\u00fablica (SSP) ha desplegado a m\u00e1s de 7 mil elementos de la Polic\u00eda Michoac\u00e1n en todo el estado para resguardar el regreso a clases en todos los planteles educativos del nivel b\u00e1sico en el marco del inicio del ciclo escolar 2016-2017.<\/p>\n<p>Bajo el esquema del Mando \u00danico Policial, la SSP ser\u00e1 vigilante del orden social en todos los planteles de preescolar, primaria y secundaria ubicados en territorio michoacano con el objetivo de garantizar la seguridad de estudiantes, padres de familia y docentes.<\/p>\n<p>Con patrullajes en calles cercanas, presencia policial en cada una de las entradas a las escuelas, as\u00ed como recorridos pie a tierra, los agentes resguardar\u00e1n las zonas escolares.<\/p>\n<p>Adem\u00e1s, la Direcci\u00f3n de Tr\u00e1nsito y Movilidad del Estado efectuar\u00e1 un operativo para resguardar calles cercanas a las escuelas as\u00ed como para mantener el orden vial.<\/p>\n<p>Con estas acciones, la Secretar\u00eda de Seguridad P\u00fablica garantiza a la ciudadan\u00eda la paz social.<\/p>\n<p>Asimismo, exhorta a la poblaci\u00f3n a denunciar cualquier acto il\u00edcito que vulnere la estabilidad a trav\u00e9s de los n\u00fameros 066 emergencias y 089 denuncia an\u00f3nima.<\/p>\n","protected":false},"excerpt":{"rendered":"<p>Desde este domingo, la SSP ha desplegado a m\u00e1s de 7 mil elementos de la Polic\u00eda Michoac\u00e1n en todo el estado para resguardar el regreso a clases en todos los planteles educativos del nivel b\u00e1sico en el marco del inicio del ciclo escolar 2016-2017.<\/p>\n","protected":false},"author":1,"featured_media":25452,"comment_status":"open","ping_status":"open","sticky":false,"template":"","format":"standard","meta":{"footnotes":""},"categories":[14,3],"tags":[],"class_list":["post-25450","post","type-post","status-publish","format-standard","has-post-thumbnail","hentry","category-destacadas","category-gobierno-del-estado-de-michoacan"],"_links":{"self":[{"href":"https:\/\/radiowebmx.com\/nota\/wp-json\/wp\/v2\/posts\/25450","targetHints":{"allow":["GET"]}}],"collection":[{"href":"https:\/\/radiowebmx.com\/nota\/wp-json\/wp\/v2\/posts"}],"about":[{"href":"https:\/\/radiowebmx.com\/nota\/wp-json\/wp\/v2\/types\/post"}],"author":[{"embeddable":true,"href":"https:\/\/radiowebmx.com\/nota\/wp-json\/wp\/v2\/users\/1"}],"replies":[{"embeddable":true,"href":"https:\/\/radiowebmx.com\/nota\/wp-json\/wp\/v2\/comments?post=25450"}],"version-history":[{"count":1,"href":"https:\/\/radiowebmx.com\/nota\/wp-json\/wp\/v2\/posts\/25450\/revisions"}],"predecessor-version":[{"id":25453,"href":"https:\/\/radiowebmx.com\/nota\/wp-json\/wp\/v2\/posts\/25450\/revisions\/25453"}],"wp:featuredmedia":[{"embeddable":true,"href":"https:\/\/radiowebmx.com\/nota\/wp-json\/wp\/v2\/media\/25452"}],"wp:attachment":[{"href":"https:\/\/radiowebmx.com\/nota\/wp-json\/wp\/v2\/media?parent=25450"}],"wp:term":[{"taxonomy":"category","embeddable":true,"href":"https:\/\/radiowebmx.com\/nota\/wp-json\/wp\/v2\/categories?post=25450"},{"taxonomy":"post_tag","embeddable":true,"href":"https:\/\/radiowebmx.com\/nota\/wp-json\/wp\/v2\/tags?post=25450"}],"curies":[{"name":"wp","href":"https:\/\/api.w.org\/{rel}","templated":true}]}}