{"id":25448,"date":"2016-08-22T11:31:32","date_gmt":"2016-08-22T16:31:32","guid":{"rendered":"https:\/\/radiowebmx.com\/nota\/?p=25448"},"modified":"2016-08-22T11:31:32","modified_gmt":"2016-08-22T16:31:32","slug":"escuelas-abiertas-y-ninos-con-clases-prioridad-en-michoacan","status":"publish","type":"post","link":"https:\/\/radiowebmx.com\/nota\/escuelas-abiertas-y-ninos-con-clases-prioridad-en-michoacan\/","title":{"rendered":"Escuelas abiertas y ni\u00f1os con clases, prioridad en Michoac\u00e1n"},"content":{"rendered":"<p>El Gobierno de Michoac\u00e1n, a trav\u00e9s de la Secretar\u00eda de Educaci\u00f3n en el Estado (SEE), hace un llamado a las y los docentes y a las madres y padres de familia a cerrar filas para que en cada escuela, en cada colonia, en cada comunidad, en cada municipio, se sumen al compromiso de tener clases y escuelas abiertas.<\/p>\n<p>&nbsp;<\/p>\n<p>En el marco del regreso a clases para iniciar el ciclo escolar 2016-2017 este lunes 22 de agosto, la titular de la SEE, Silvia Figueroa Zamudio, a nombre del Gobierno del Estado, que encabeza el Gobernador Constitucional, Silvano Aureoles Conejo, convoca a todas las maestras y los maestros para que colaboren con las acciones sustantivas de la educaci\u00f3n, a defender la educaci\u00f3n p\u00fablica desde las aulas y\u00a0compartir lo mejor de su vocaci\u00f3n y experiencia con las ni\u00f1as y ni\u00f1os.<\/p>\n<p>&nbsp;<\/p>\n<p>A continuaci\u00f3n, el mensaje \u00edntegro que el Gobierno del Estado, a trav\u00e9s de la SEE, dirige a las y los michoacanos:<\/p>\n<p>&nbsp;<\/p>\n<p>En materia de educaci\u00f3n es mucho lo que podemos hacer. Con el ciclo escolar que iniciar\u00e1 ma\u00f1ana debemos generar, sociedad y gobierno, una oportunidad para avanzar, atender los problemas estructurales y trabajar juntos para abatir rezagos que durante muchos a\u00f1os nos han afectado en Michoac\u00e1n.<\/p>\n<p>&nbsp;<\/p>\n<p>La educaci\u00f3n de los ni\u00f1os y ni\u00f1as es prioritaria para el Gobierno que encabeza el Gobernador Constitucional, Silvano Aureoles Conejo, y en congruencia con esa vocaci\u00f3n, en la Secretar\u00eda de Educaci\u00f3n en el Estado estamos comprometidos a mejorar todos los procesos educativos y de organizaci\u00f3n. \u00a1Tenemos bien definido el rumbo!<\/p>\n<p>&nbsp;<\/p>\n<p>Para alcanzar la calidad de educaci\u00f3n que merecen nuestras ni\u00f1as y ni\u00f1os en Michoac\u00e1n, necesitamos del compromiso y voluntad de maestros, padres de familia, directores, personal administrativo y de todas y todos los trabajadores del sector educativo.<\/p>\n<p>&nbsp;<\/p>\n<p>En la Secretar\u00eda de Educaci\u00f3n hemos realizado diversos llamados a todas las organizaciones magisteriales para dialogar y trabajar por la educaci\u00f3n, y lo seguiremos haciendo. En Michoac\u00e1n la educaci\u00f3n debe ir siempre a la vanguardia. No puede haber marcha atr\u00e1s.<\/p>\n<p>&nbsp;<\/p>\n<p>En el Gobierno de Michoac\u00e1n y en la Secretar\u00eda de Educaci\u00f3n reconocemos a todas las maestras y maestros que\u00a0 diariamente entregan lo mejor de s\u00ed para contribuir a la formaci\u00f3n de miles de ni\u00f1os y ni\u00f1as que son nuestro futuro. Maestros y maestras que en cada escuela, en cada comunidad, est\u00e1n comprometidos con su importante labor social. A ellas y a ellos les pido seguir con su actividad con mucha determinaci\u00f3n y confianza. La comunidad escolar, la sociedad y el Gobierno del Estado se los reconoce.<\/p>\n<p>&nbsp;<\/p>\n<p>Hacemos un llamado a las y los docentes y a las y los padres de familia para que en cada escuela, en cada colonia, en cada comunidad, en cada municipio, se sumen al compromiso de tener clases y escuelas abiertas. Nadie ni nada debe atentar contra la educaci\u00f3n de nuestros hijos. Este debe ser un hecho irreductible, pues la sociedad michoacana exige que las pol\u00edticas educativas tengan rumbo, sean transparentes, respondan al contexto del mundo moderno y sean evaluables.<\/p>\n<p>&nbsp;<\/p>\n<p>La educaci\u00f3n es el derecho de mayor jerarqu\u00eda que debemos preservar.<\/p>\n<p>&nbsp;<\/p>\n<p>En el Gobierno del Estado y en la Secretar\u00eda de Educaci\u00f3n reafirmamos nuestro compromiso con la educaci\u00f3n, con el orden, con el respeto a los derechos humanos y con el respeto a la ley.\u00a0 Todas las expresiones pueden manifestarse, pero tambi\u00e9n todos tenemos el compromiso de aportar y contribuir por una mejor educaci\u00f3n para Michoac\u00e1n.<\/p>\n<p>&nbsp;<\/p>\n<p>Sabemos que la mayor\u00eda de las y los michoacanos tenemos el \u00e1nimo de aportar y contribuir por una mejor educaci\u00f3n, porque sabemos que la educaci\u00f3n es la mejor herramienta que podemos darle a nuestros ni\u00f1os y ni\u00f1as para que construyan un futuro con mayores oportunidades para su desarrollo.<\/p>\n<p>&nbsp;<\/p>\n<p>Negarles la educaci\u00f3n es negarles el futuro\u2026 condenarlos a la marginaci\u00f3n y exclusi\u00f3n.<\/p>\n<p>&nbsp;<\/p>\n<p>En este regreso a clases convocamos a todas las maestras y los maestros para que colaboren con las acciones sustantivas de la educaci\u00f3n; que defiendan la educaci\u00f3n p\u00fablica desde las aulas y\u00a0compartan lo mejor de su vocaci\u00f3n y experiencia con nuestras ni\u00f1as y ni\u00f1os, porque con educaci\u00f3n de calidad formamos a las y los ciudadanos que necesita Michoac\u00e1n para salir adelante. La prioridad es muy\u00a0 clara: escuelas abiertas y ni\u00f1os con clases.<\/p>\n<p>&nbsp;<\/p>\n<p>Reciban en las aulas a quienes resguardan la esperanza en el porvenir, y formen con su ense\u00f1anza un mejor estado y un mejor pa\u00eds.<\/p>\n","protected":false},"excerpt":{"rendered":"<p>El Gobierno de Michoac\u00e1n, a trav\u00e9s de la SEE, hace un llamado a las y los docentes y a las madres y padres de familia a cerrar filas para que en cada escuela, en cada colonia, en cada comunidad, en cada municipio, se sumen al compromiso de tener clases y escuelas abiertas.<\/p>\n","protected":false},"author":1,"featured_media":0,"comment_status":"open","ping_status":"open","sticky":false,"template":"","format":"standard","meta":{"footnotes":""},"categories":[3],"tags":[],"class_list":["post-25448","post","type-post","status-publish","format-standard","hentry","category-gobierno-del-estado-de-michoacan"],"_links":{"self":[{"href":"https:\/\/radiowebmx.com\/nota\/wp-json\/wp\/v2\/posts\/25448","targetHints":{"allow":["GET"]}}],"collection":[{"href":"https:\/\/radiowebmx.com\/nota\/wp-json\/wp\/v2\/posts"}],"about":[{"href":"https:\/\/radiowebmx.com\/nota\/wp-json\/wp\/v2\/types\/post"}],"author":[{"embeddable":true,"href":"https:\/\/radiowebmx.com\/nota\/wp-json\/wp\/v2\/users\/1"}],"replies":[{"embeddable":true,"href":"https:\/\/radiowebmx.com\/nota\/wp-json\/wp\/v2\/comments?post=25448"}],"version-history":[{"count":1,"href":"https:\/\/radiowebmx.com\/nota\/wp-json\/wp\/v2\/posts\/25448\/revisions"}],"predecessor-version":[{"id":25449,"href":"https:\/\/radiowebmx.com\/nota\/wp-json\/wp\/v2\/posts\/25448\/revisions\/25449"}],"wp:attachment":[{"href":"https:\/\/radiowebmx.com\/nota\/wp-json\/wp\/v2\/media?parent=25448"}],"wp:term":[{"taxonomy":"category","embeddable":true,"href":"https:\/\/radiowebmx.com\/nota\/wp-json\/wp\/v2\/categories?post=25448"},{"taxonomy":"post_tag","embeddable":true,"href":"https:\/\/radiowebmx.com\/nota\/wp-json\/wp\/v2\/tags?post=25448"}],"curies":[{"name":"wp","href":"https:\/\/api.w.org\/{rel}","templated":true}]}}