{"id":25442,"date":"2016-08-22T10:42:21","date_gmt":"2016-08-22T15:42:21","guid":{"rendered":"https:\/\/radiowebmx.com\/nota\/?p=25442"},"modified":"2016-08-22T10:42:21","modified_gmt":"2016-08-22T15:42:21","slug":"si-alimenta-mejora-nuestra-calidad-de-vida-beneficiarios","status":"publish","type":"post","link":"https:\/\/radiowebmx.com\/nota\/si-alimenta-mejora-nuestra-calidad-de-vida-beneficiarios\/","title":{"rendered":"S\u00ed Alimenta mejora nuestra calidad de vida: beneficiarios"},"content":{"rendered":"<p><a href=\"https:\/\/radiowebmx.com\/nota\/wp-content\/uploads\/2016\/08\/16e7e1f7-f3cc-4ae7-a007-a499f29b3b74.jpg\"><img loading=\"lazy\" decoding=\"async\" class=\"alignleft size-full wp-image-25443\" src=\"https:\/\/radiowebmx.com\/nota\/wp-content\/uploads\/2016\/08\/16e7e1f7-f3cc-4ae7-a007-a499f29b3b74.jpg\" alt=\"16e7e1f7-f3cc-4ae7-a007-a499f29b3b74\" width=\"591\" height=\"338\" srcset=\"https:\/\/radiowebmx.com\/nota\/wp-content\/uploads\/2016\/08\/16e7e1f7-f3cc-4ae7-a007-a499f29b3b74.jpg 591w, https:\/\/radiowebmx.com\/nota\/wp-content\/uploads\/2016\/08\/16e7e1f7-f3cc-4ae7-a007-a499f29b3b74-300x172.jpg 300w, https:\/\/radiowebmx.com\/nota\/wp-content\/uploads\/2016\/08\/16e7e1f7-f3cc-4ae7-a007-a499f29b3b74-128x72.jpg 128w\" sizes=\"auto, (max-width: 591px) 100vw, 591px\" \/><\/a>Con el objetivo de mejorar la calidad de vida de las y los michoacanos a trav\u00e9s de una mejor nutrici\u00f3n, el Gobierno del Estado, que encabeza Silvano Aureoles Conejo, lanz\u00f3 el Programa S\u00ed Alimenta, el cual busca llegar a los sectores m\u00e1s necesitados y en precariedad alimentaria.<\/p>\n<p>La titular de la Secretar\u00eda de Pol\u00edtica Social (Sepsol), Miriam Tinoco Soto, responsable del funcionamiento del programa, record\u00f3 que mensualmente son repartidos un total de 100 mil apoyos alimentarios en los 113 municipios del estado. &#8220;Nuestro principal compromiso es mejorar las condiciones de vida de los michoacanos por medio de una alimentaci\u00f3n m\u00e1s equilibrada y nutritiva\u201d.<\/p>\n<p>Puntualiz\u00f3 que durante este mes de agosto se reparten los apoyos alimentarios correspondientes a los meses de mayo y junio, sin que hasta la fecha se haya tenido ning\u00fan retraso en las entregas de los proveedores a los municipios, ni de estos a los beneficiarios.<\/p>\n<p>\u201cLa carencia alimentaria es s\u00f3lo uno de los males que aqueja a nuestros adultos mayores, por lo que el programa S\u00ed Alimenta tambi\u00e9n va acompa\u00f1ado de otros programas sociales tanto federales como estatales, con el fin de desarrollar de manera integral la calidad de vida de los y las beneficiarias\u201d, resalt\u00f3 Tinoco Soto.<\/p>\n<p>Al respecto, expuso que del total de los beneficiarios de S\u00ed Alimenta, 62 mil ya cuentan con Seguro Popular, por lo que la\u00a0Sepsol\u00a0se encargar\u00e1 de afiliar y reafiliar a los restantes, con la finalidad de que cuenten con un buen servicio de salud.<\/p>\n<p>S\u00ed Alimenta implica una inversi\u00f3n de 240 millones de pesos, de los cuales el Gobierno del Estado aporta el 75 por ciento -es decir, 180 millones-, mientras que los ayuntamientos aportan el 25 por ciento restante.<\/p>\n<p><strong>\u201cEstamos fascinados con S\u00ed Alimenta\u201d<\/strong><\/p>\n<p>Por parte de los beneficiarios se han recibido comentarios favorables, pues los apoyos alimentarios incluyen m\u00e1s productos, de mejor calidad y mayor valor nutricional, adem\u00e1s de que se entregan durante todo el a\u00f1o, a diferencia de administraciones pasadas.<\/p>\n<p>Mar\u00eda Elena Estrada Calder\u00f3n, beneficiaria de la colonia La Soledad, en Morelia, asegura que el programa le beneficia mucho, &#8220;sobre todo porque lo poco que uno tiene, ya no lo gasta en los frijolitos. Estamos fascinadas con S\u00ed Alimenta, ahora s\u00ed vale la pena, los otros apoyos eran una burla\u201d.<\/p>\n<p>&#8220;\u00bfCu\u00e1ndo ha visto que una gente grande con dos bolsas de Maseca y un kilo de lentejas se pueda alimentar? Me da gusto ver la despensa por la variedad de productos. Le agradezco al Gobernador Silvano Aureoles y a laSepsol\u00a0por el apoyo\u201d.<\/p>\n<p>En otros municipios, como Tzitzio, donde la carencia alimentaria es uno de los mayores problemas sociales, don Gregorio, habitante de la comunidad de El Devanador, comenta: \u201cAntes com\u00edamos dos veces al d\u00eda, por las ma\u00f1anas un t\u00e9 y unas galletitas, y a la hora de la comida, pues lo que hab\u00eda. Ahora lo hacemos tres veces al d\u00eda y variado. Estoy muy agradecido con el Gobernador Silvano Aureoles, con la\u00a0Sepsol\u00a0y con el Ayuntamiento\u201d.<\/p>\n<p>\u201cLos programas implementados por el Gobierno del Estado que encabeza Silvano Aureoles est\u00e1n enfocados en acabar con la brecha social y el rezago alimenticio en Michoac\u00e1n, por lo que a trav\u00e9s de la\u00a0Sepsol\u00a0se implement\u00f3 el programa S\u00ed Alimenta, que beneficia a las personas que m\u00e1s lo necesitan\u201d, finaliz\u00f3 Miriam Tinoco Soto.<\/p>\n","protected":false},"excerpt":{"rendered":"<p>Con el objetivo de mejorar la calidad de vida de las y los michoacanos a trav\u00e9s de una mejor nutrici\u00f3n, el Gobierno del Estado, que encabeza Silvano Aureoles Conejo, lanz\u00f3 el Programa S\u00ed Alimenta,<\/p>\n","protected":false},"author":1,"featured_media":25443,"comment_status":"open","ping_status":"open","sticky":false,"template":"","format":"standard","meta":{"footnotes":""},"categories":[14,3],"tags":[],"class_list":["post-25442","post","type-post","status-publish","format-standard","has-post-thumbnail","hentry","category-destacadas","category-gobierno-del-estado-de-michoacan"],"_links":{"self":[{"href":"https:\/\/radiowebmx.com\/nota\/wp-json\/wp\/v2\/posts\/25442","targetHints":{"allow":["GET"]}}],"collection":[{"href":"https:\/\/radiowebmx.com\/nota\/wp-json\/wp\/v2\/posts"}],"about":[{"href":"https:\/\/radiowebmx.com\/nota\/wp-json\/wp\/v2\/types\/post"}],"author":[{"embeddable":true,"href":"https:\/\/radiowebmx.com\/nota\/wp-json\/wp\/v2\/users\/1"}],"replies":[{"embeddable":true,"href":"https:\/\/radiowebmx.com\/nota\/wp-json\/wp\/v2\/comments?post=25442"}],"version-history":[{"count":1,"href":"https:\/\/radiowebmx.com\/nota\/wp-json\/wp\/v2\/posts\/25442\/revisions"}],"predecessor-version":[{"id":25444,"href":"https:\/\/radiowebmx.com\/nota\/wp-json\/wp\/v2\/posts\/25442\/revisions\/25444"}],"wp:featuredmedia":[{"embeddable":true,"href":"https:\/\/radiowebmx.com\/nota\/wp-json\/wp\/v2\/media\/25443"}],"wp:attachment":[{"href":"https:\/\/radiowebmx.com\/nota\/wp-json\/wp\/v2\/media?parent=25442"}],"wp:term":[{"taxonomy":"category","embeddable":true,"href":"https:\/\/radiowebmx.com\/nota\/wp-json\/wp\/v2\/categories?post=25442"},{"taxonomy":"post_tag","embeddable":true,"href":"https:\/\/radiowebmx.com\/nota\/wp-json\/wp\/v2\/tags?post=25442"}],"curies":[{"name":"wp","href":"https:\/\/api.w.org\/{rel}","templated":true}]}}