{"id":25385,"date":"2016-08-17T10:50:47","date_gmt":"2016-08-17T15:50:47","guid":{"rendered":"https:\/\/radiowebmx.com\/nota\/?p=25385"},"modified":"2016-08-17T10:50:47","modified_gmt":"2016-08-17T15:50:47","slug":"entregan-creditos-de-palabra-de-mujer-en-periban","status":"publish","type":"post","link":"https:\/\/radiowebmx.com\/nota\/entregan-creditos-de-palabra-de-mujer-en-periban\/","title":{"rendered":"Entregan cr\u00e9ditos de Palabra de Mujer en Perib\u00e1n"},"content":{"rendered":"<p>Para refrendar el compromiso del Gobernador del Estado, Silvano Aureoles Conejo con las mujeres, el Sistema Integral de Financiamiento para el Desarrollo de Michoac\u00e1n (S\u00ed Financia) contribuye en el empoderamiento econ\u00f3mico de este sector a trav\u00e9s del financiamiento.<\/p>\n<p>Derivado de la Firma de Convenio de Coordinaci\u00f3n Interinstitucional entre el organismo estatal y el Ayuntamiento de Perib\u00e1n, en esta ocasi\u00f3n se otorgaron 42 cr\u00e9ditos del Programa Palabra de Mujer, por un total de 256 mil pesos.<\/p>\n<p>En la entrega estuvo presente el presidente municipal Jos\u00e9 Luis S\u00e1nchez Mora, quien agradeci\u00f3 a S\u00ed Financia y a la Secretar\u00eda de Igualdad Sustantiva y Desarrollo de las Mujeres Michoacanas (Seimujer) por el trabajo transversal en beneficio de Perib\u00e1n y por sumarse al esfuerzo de su administraci\u00f3n por impulsar el desarrollo econ\u00f3mico y empoderamiento de las mujeres.<\/p>\n<p>Cabe destacar que Bertha Elva Ceja Jim\u00e9nez y Luis Alberto Fern\u00e1ndez de J\u00e1uregui, del \u00e1rea de Capacitaci\u00f3n y Proyectos Productivos de la Seimujer, impartieron un taller de empoderamiento a las acreditadas.<\/p>\n<p>En la entrega de los cr\u00e9ditos tambi\u00e9n estuvieron presentes la directora del Sistema DIF municipal, Mar\u00eda Guadalupe Vallejo; y con la representaci\u00f3n del director de S\u00ed Financia, Benjam\u00edn Hern\u00e1ndez Luna, los analistas de cr\u00e9dito del Programa Palabra de Mujer, Salvador Ruiz Guti\u00e9rrez y Guadalupe Alvarado Moreno.<\/p>\n<p>Es de precisar que se trat\u00f3 de la segunda entrega de cr\u00e9ditos en Perib\u00e1n, donde hasta la fecha se ha beneficiado 108 mujeres en las modalidades de Cr\u00e9dito a la Palabra e Individuales, con aportaciones bipartitas a cargo del Gobierno del Estado y del Ayuntamiento.<\/p>\n","protected":false},"excerpt":{"rendered":"<p>Para refrendar el compromiso del Gobernador del Estado, Silvano Aureoles Conejo con las mujeres, el S\u00ed Financia contribuye en el empoderamiento econ\u00f3mico de este sector a trav\u00e9s del financiamiento.<\/p>\n","protected":false},"author":1,"featured_media":25386,"comment_status":"open","ping_status":"open","sticky":false,"template":"","format":"standard","meta":{"footnotes":""},"categories":[14,3],"tags":[],"class_list":["post-25385","post","type-post","status-publish","format-standard","has-post-thumbnail","hentry","category-destacadas","category-gobierno-del-estado-de-michoacan"],"_links":{"self":[{"href":"https:\/\/radiowebmx.com\/nota\/wp-json\/wp\/v2\/posts\/25385","targetHints":{"allow":["GET"]}}],"collection":[{"href":"https:\/\/radiowebmx.com\/nota\/wp-json\/wp\/v2\/posts"}],"about":[{"href":"https:\/\/radiowebmx.com\/nota\/wp-json\/wp\/v2\/types\/post"}],"author":[{"embeddable":true,"href":"https:\/\/radiowebmx.com\/nota\/wp-json\/wp\/v2\/users\/1"}],"replies":[{"embeddable":true,"href":"https:\/\/radiowebmx.com\/nota\/wp-json\/wp\/v2\/comments?post=25385"}],"version-history":[{"count":1,"href":"https:\/\/radiowebmx.com\/nota\/wp-json\/wp\/v2\/posts\/25385\/revisions"}],"predecessor-version":[{"id":25387,"href":"https:\/\/radiowebmx.com\/nota\/wp-json\/wp\/v2\/posts\/25385\/revisions\/25387"}],"wp:featuredmedia":[{"embeddable":true,"href":"https:\/\/radiowebmx.com\/nota\/wp-json\/wp\/v2\/media\/25386"}],"wp:attachment":[{"href":"https:\/\/radiowebmx.com\/nota\/wp-json\/wp\/v2\/media?parent=25385"}],"wp:term":[{"taxonomy":"category","embeddable":true,"href":"https:\/\/radiowebmx.com\/nota\/wp-json\/wp\/v2\/categories?post=25385"},{"taxonomy":"post_tag","embeddable":true,"href":"https:\/\/radiowebmx.com\/nota\/wp-json\/wp\/v2\/tags?post=25385"}],"curies":[{"name":"wp","href":"https:\/\/api.w.org\/{rel}","templated":true}]}}