{"id":2538,"date":"2013-05-08T09:01:27","date_gmt":"2013-05-08T14:01:27","guid":{"rendered":"https:\/\/radiowebmx.com\/nota\/?p=2538"},"modified":"2013-05-08T09:01:27","modified_gmt":"2013-05-08T14:01:27","slug":"considerable-prevenir-y-reducir-accidentes-viales-en-michoacan-laura-gonzalez","status":"publish","type":"post","link":"https:\/\/radiowebmx.com\/nota\/considerable-prevenir-y-reducir-accidentes-viales-en-michoacan-laura-gonzalez\/","title":{"rendered":"Considerable prevenir y reducir accidentes viales en Michoac\u00e1n: Laura Gonz\u00e1lez"},"content":{"rendered":"<p><a href=\"https:\/\/radiowebmx.com\/nota\/wp-content\/uploads\/2013\/05\/Laura-Gonz\u00e1lez-M-diputada-local.jpg\"><img loading=\"lazy\" decoding=\"async\" class=\"alignleft size-full wp-image-2539\" title=\"Laura Gonz\u00e1lez M, diputada local\" src=\"https:\/\/radiowebmx.com\/nota\/wp-content\/uploads\/2013\/05\/Laura-Gonz\u00e1lez-M-diputada-local.jpg\" alt=\"\" width=\"591\" height=\"298\" \/><\/a>\u201cActualmente los accidentes de tr\u00e1nsito se han convertido en la principal causa de defunci\u00f3n entre los j\u00f3venes de 15 a 29 a\u00f1os de edad, lo que se ha convertido en una problem\u00e1tica social en la actualidad\u201d, as\u00ed lo dio a conocer la diputada Laura Gonz\u00e1lez Mart\u00ednez.<\/p>\n<p>En Michoac\u00e1n de acuerdo a cifras del\u00a0<a href=\"https:\/\/www.google.com.mx\/url?sa=t&amp;rct=j&amp;q=&amp;esrc=s&amp;source=web&amp;cd=1&amp;cad=rja&amp;ved=0CC4QFjAA&amp;url=http:\/\/www.inegi.org.mx\/&amp;ei=n1yJUeiLAtKG0QH014HIAQ&amp;usg=AFQjCNEHEt8cUB7QUt1i0ccGd2thQ7BQuQ&amp;sig2=xKVbeC4yhpVDFuy_Z92_Zw&amp;bvm=bv.46226182%2cd.eWU\" target=\"_blank\">Instituto Nacional de Estad\u00edstica y Geograf\u00eda<\/a>\u00a0INEGI, se dieron 8 mil 523 accidentes de tr\u00e1nsito terrestres en zonas urbanas y suburbanas, present\u00e1ndose el m\u00e1s alto \u00edndice en la capital moreliana, al registrar 5 mil 874 percances de este rubro.<\/p>\n<p>Cabe destacar que ante dicha problem\u00e1tica, con el objetivo de concientizar, abatir los altos \u00edndices de accidentes viales que ocurren en la entidad, as\u00ed como el importante desaf\u00edo que suponen para el desarrollo y la salud p\u00fablica, las muertes y los traumatismos por accidente de tr\u00e1nsito; la diputada del blanquiazul present\u00f3 ante el Pleno, una Iniciativa de\u00a0Movilidad, Tr\u00e1nsito y Seguridad Vial del Estado, la cual propone crear una Ley acorde con las necesidades actuales de los ciudadanos.<\/p>\n<p>\u201cLa ley vigente ha quedado desfasada en ciertos aspectos e incluso inaplicable, ya que no considera situaciones necesarias sobre temas actuales\u201d, por ello, dicha Iniciativa busca prevenir la conducci\u00f3n bajo los efectos del alcohol, el uso obligatorio del cintur\u00f3n de seguridad, el uso obligatorio de sistemas de retenci\u00f3n infantil, como lo son las sillas porta infantes; la prohibici\u00f3n de conducir a exceso de velocidad, la formulaci\u00f3n de estrategias y programas de seguridad vial sostenibles y medidas de seguridad a conductores, peatones, escolares y personas con discapacidad\u201d, refiri\u00f3 Gonz\u00e1lez Mart\u00ednez.<\/p>\n<p>M\u00e1s del 90% de las defunciones y traumatismos causados\u00a0 por el tr\u00e1nsito ocurren en pa\u00edses de ingresos bajos y medianos, donde\u00a0 circulan solo el 4 por ciento de los veh\u00edculos matriculados a nivel mundial.<\/p>\n<p><strong>\u201c<\/strong>En nuestro pa\u00eds, 24 mil personas mueren al a\u00f1o por accidentes de tr\u00e1nsito, 40 mil quedan con discapacidad permanente y 750 mil lesionados anualmente llenan los hospitales, siendo as\u00ed, la primera causa de muerte en ni\u00f1os y j\u00f3venes de entre 5 y 35 a\u00f1os de edad, as\u00ed como la segunda causa de discapacidad general\u201d.<\/p>\n<p>Coment\u00f3 la legisladora del blanquiazul, que dicha iniciativa pretende adem\u00e1s que el titular Ejecutivo Estatal reconozca la importancia y trascendencia actual de la seguridad vial y manifieste su voluntad en fortalecer su contenido, para que en sus respectivos \u00e1mbitos de competencia se asuman compromisos.<\/p>\n<p>Es necesario participar en la revisi\u00f3n de la modernizaci\u00f3n de la infraestructura vial y de transporte m\u00e1s seguro y eficiente, a fin de impulsar la creaci\u00f3n y mejora de la normatividad,\u00a0 relacionada\u00a0 con\u00a0 el\u00a0 establecimiento\u00a0 de\u00a0 los\u00a0 criterios\u00a0 de seguridad vial en la infraestructura y acciones a favor de una movilidad segura para los usuarios vulnerables.<\/p>\n<p>Finalmente, la diputada integrante del Grupo Parlamentario del Partido Acci\u00f3n Nacional en el Congreso local, subray\u00f3 que la Iniciativa acoge la meta de reducci\u00f3n de al menos el 50 por ciento en el n\u00famero de muertes por accidentes viales, establecida en la Declaratoria del Decenio de Acci\u00f3n para la Seguridad Vial 2011-2020 de la Organizaci\u00f3n de las Naciones Unidas.<\/p>\n","protected":false},"excerpt":{"rendered":"<p>\u201cActualmente los accidentes de tr\u00e1nsito se han convertido en la principal causa de defunci\u00f3n entre los j\u00f3venes de 15 a 29 a\u00f1os de edad, lo que se ha convertido en una problem\u00e1tica social en la actualidad\u201d, as\u00ed lo dio a conocer la diputada Laura Gonz\u00e1lez Mart\u00ednez.<\/p>\n","protected":false},"author":1,"featured_media":0,"comment_status":"open","ping_status":"open","sticky":false,"template":"","format":"standard","meta":{"footnotes":""},"categories":[6,8],"tags":[],"class_list":["post-2538","post","type-post","status-publish","format-standard","hentry","category-congreso-del-estado","category-grupo-parlamentario-del-pan"],"_links":{"self":[{"href":"https:\/\/radiowebmx.com\/nota\/wp-json\/wp\/v2\/posts\/2538","targetHints":{"allow":["GET"]}}],"collection":[{"href":"https:\/\/radiowebmx.com\/nota\/wp-json\/wp\/v2\/posts"}],"about":[{"href":"https:\/\/radiowebmx.com\/nota\/wp-json\/wp\/v2\/types\/post"}],"author":[{"embeddable":true,"href":"https:\/\/radiowebmx.com\/nota\/wp-json\/wp\/v2\/users\/1"}],"replies":[{"embeddable":true,"href":"https:\/\/radiowebmx.com\/nota\/wp-json\/wp\/v2\/comments?post=2538"}],"version-history":[{"count":1,"href":"https:\/\/radiowebmx.com\/nota\/wp-json\/wp\/v2\/posts\/2538\/revisions"}],"predecessor-version":[{"id":2540,"href":"https:\/\/radiowebmx.com\/nota\/wp-json\/wp\/v2\/posts\/2538\/revisions\/2540"}],"wp:attachment":[{"href":"https:\/\/radiowebmx.com\/nota\/wp-json\/wp\/v2\/media?parent=2538"}],"wp:term":[{"taxonomy":"category","embeddable":true,"href":"https:\/\/radiowebmx.com\/nota\/wp-json\/wp\/v2\/categories?post=2538"},{"taxonomy":"post_tag","embeddable":true,"href":"https:\/\/radiowebmx.com\/nota\/wp-json\/wp\/v2\/tags?post=2538"}],"curies":[{"name":"wp","href":"https:\/\/api.w.org\/{rel}","templated":true}]}}