{"id":25376,"date":"2016-08-17T09:57:54","date_gmt":"2016-08-17T14:57:54","guid":{"rendered":"https:\/\/radiowebmx.com\/nota\/?p=25376"},"modified":"2016-08-17T09:57:54","modified_gmt":"2016-08-17T14:57:54","slug":"inician-obras-en-beneficio-de-mas-de-15-mil-indigenas-de-michoacan","status":"publish","type":"post","link":"https:\/\/radiowebmx.com\/nota\/inician-obras-en-beneficio-de-mas-de-15-mil-indigenas-de-michoacan\/","title":{"rendered":"Inician obras en beneficio de m\u00e1s de 15 mil ind\u00edgenas de Michoac\u00e1n"},"content":{"rendered":"<p>Con el inicio de la construcci\u00f3n de cinco obras en esta localidad, se ponen en marcha los trabajos para realizar 38 obras en los pueblos originarios de Michoac\u00e1n, en beneficio de m\u00e1s de 15 mil habitantes de comunidades ind\u00edgenas.<\/p>\n<p>\u201cEstas acciones est\u00e1n enmarcadas en el programa del Buen Vivir, en el que tenemos un gran aliado, que es nuestro Gobernador Silvano Aureoles Conejo&#8221;, destac\u00f3 el titular de la Secretar\u00eda de los Pueblos Ind\u00edgenas (SPI), \u00c1ngel Alonso Molina.<\/p>\n<p>Cabe recordar que los recursos para realizar estas obras fueron recuperados gracias a las gestiones del mandatario michoacano, quien cont\u00f3 con el respaldo de la directora general de la Comisi\u00f3n para el Desarrollo de los Pueblos Ind\u00edgenas (CDI), Nuvia Mayorga Delgado.<\/p>\n<p>&#8220;Gracias por voltear a ver nuestras comunidades, es la primera vez que vienen representantes de los tres \u00f3rdenes de Gobierno a poner en marcha la construcci\u00f3n de obras que ser\u00e1n fundamentales para nuestra gente. No existen palabras para agradecer&#8221;, expres\u00f3 Francisco Equihua, jefe de tenencia de la comunidad de Cheratillo.<\/p>\n<p>Durante el evento, el delegado en Michoac\u00e1n de la CDI, Rafael Mu\u00f1iz Cruz, resalt\u00f3 que estas acciones est\u00e1n encaminadas a beneficiar a las y los ind\u00edgenas michoacanos y que est\u00e1n enfocadas a abatir los rezagos de infraestructura.<\/p>\n<p>Por su parte, el coordinador de la Comisi\u00f3n Estatal del Agua y Gesti\u00f3n de Cuencas (CEAC), Germ\u00e1n Tena Fern\u00e1ndez, resalt\u00f3 que la inversi\u00f3n que compete al Gobierno del Estado est\u00e1 lista, y con ello todo est\u00e1 dispuesto para que todas las obras sean concluidas. Adem\u00e1s, asegur\u00f3 que se trabajar\u00e1 con firmeza para propiciar un mejor desarrollo e infraestructura de agua potable en la regi\u00f3n de Los Reyes.<\/p>\n<p>&#8220;Es necesario seguir trabajando entre los tres \u00f3rdenes de Gobierno para realizar m\u00e1s obras en las comunidades m\u00e1s marginadas, pues s\u00f3lo de esta manera lograremos rescatarlas del rezago en que se encuentran&#8221;, apunt\u00f3.<\/p>\n<p>Las obras que se pusieron en marcha este martes comprenden trabajos de sistemas de agua potable, ampliaci\u00f3n de sistemas de alcantarillado sanitario y perforaci\u00f3n de pozos profundos en las comunidades de San Antonio Tierras Blancas, La Zarzamora, San Luis (Sur\u00e9n), Cheratillo y Sicuicho.<\/p>\n<p>Al acto celebrado en la comunidad de Cheratillo tambi\u00e9n asistieron el diputado federal Jos\u00e9 Guadalupe Hern\u00e1ndez Alcal\u00e1; los regidores del municipio de Los Reyes Giselle Maldonado Vargas, Jos\u00e9 Dolores Cervantes Sandoval y Arturo Barajas Valencia; los directores de la SPI Salvador Ch\u00e1vez y Sim\u00f3n Pacheco Vicente; el secretario t\u00e9cnico de la Secretar\u00eda del Migrante, Fernando Pulido; as\u00ed como autoridades civiles y comunales.<\/p>\n","protected":false},"excerpt":{"rendered":"<p>Con el inicio de la construcci\u00f3n de cinco obras en esta localidad, se ponen en marcha los trabajos para realizar 38 obras en los pueblos originarios de Michoac\u00e1n, en beneficio de m\u00e1s de 15 mil habitantes de comunidades ind\u00edgenas.<\/p>\n","protected":false},"author":1,"featured_media":25377,"comment_status":"open","ping_status":"open","sticky":false,"template":"","format":"standard","meta":{"footnotes":""},"categories":[14,3],"tags":[],"class_list":["post-25376","post","type-post","status-publish","format-standard","has-post-thumbnail","hentry","category-destacadas","category-gobierno-del-estado-de-michoacan"],"_links":{"self":[{"href":"https:\/\/radiowebmx.com\/nota\/wp-json\/wp\/v2\/posts\/25376","targetHints":{"allow":["GET"]}}],"collection":[{"href":"https:\/\/radiowebmx.com\/nota\/wp-json\/wp\/v2\/posts"}],"about":[{"href":"https:\/\/radiowebmx.com\/nota\/wp-json\/wp\/v2\/types\/post"}],"author":[{"embeddable":true,"href":"https:\/\/radiowebmx.com\/nota\/wp-json\/wp\/v2\/users\/1"}],"replies":[{"embeddable":true,"href":"https:\/\/radiowebmx.com\/nota\/wp-json\/wp\/v2\/comments?post=25376"}],"version-history":[{"count":1,"href":"https:\/\/radiowebmx.com\/nota\/wp-json\/wp\/v2\/posts\/25376\/revisions"}],"predecessor-version":[{"id":25378,"href":"https:\/\/radiowebmx.com\/nota\/wp-json\/wp\/v2\/posts\/25376\/revisions\/25378"}],"wp:featuredmedia":[{"embeddable":true,"href":"https:\/\/radiowebmx.com\/nota\/wp-json\/wp\/v2\/media\/25377"}],"wp:attachment":[{"href":"https:\/\/radiowebmx.com\/nota\/wp-json\/wp\/v2\/media?parent=25376"}],"wp:term":[{"taxonomy":"category","embeddable":true,"href":"https:\/\/radiowebmx.com\/nota\/wp-json\/wp\/v2\/categories?post=25376"},{"taxonomy":"post_tag","embeddable":true,"href":"https:\/\/radiowebmx.com\/nota\/wp-json\/wp\/v2\/tags?post=25376"}],"curies":[{"name":"wp","href":"https:\/\/api.w.org\/{rel}","templated":true}]}}