{"id":25373,"date":"2016-08-17T09:39:24","date_gmt":"2016-08-17T14:39:24","guid":{"rendered":"https:\/\/radiowebmx.com\/nota\/?p=25373"},"modified":"2016-08-17T09:39:24","modified_gmt":"2016-08-17T14:39:24","slug":"ayuntamiento-de-morelia-privilegia-el-ordenamiento-urbano-en-el-desarrollo-del-municipio","status":"publish","type":"post","link":"https:\/\/radiowebmx.com\/nota\/ayuntamiento-de-morelia-privilegia-el-ordenamiento-urbano-en-el-desarrollo-del-municipio\/","title":{"rendered":"Ayuntamiento de Morelia privilegia el ordenamiento urbano en el desarrollo del Municipio"},"content":{"rendered":"<p>La Comisi\u00f3n de Desarrollo Urbano y Obras P\u00fablicas del Ayuntamiento de Morelia, fomenta el ordenamiento urbano, a trav\u00e9s de la revisi\u00f3n minuciosa de la autorizaci\u00f3n de la construcci\u00f3n de nuevos complejos de viviendas en la ciudad, as\u00ed como de las modificaciones en los inmuebles.<\/p>\n<p>Lo anterior, lo dio a conocer el Coordinador de la Comisi\u00f3n, Jorge Luis Tinoco Ortiz, en reuni\u00f3n de trabajo en la que se atendieron varias solicitudes ciudadanas para analizar y dar una respuesta a la poblaci\u00f3n en estos temas.<\/p>\n<p>Tinoco Ortiz, acompa\u00f1ado del Regidor e integrante de esta \u00e1rea del \u00f3rgano colegiado, Salvador Arvizu Cisneros; el Secretario de Desarrollo Metropolitano e Infraestructura, Juan Fernando Sosa Tapia; la Directora de Orden Urbano, Mar\u00eda Fabiola Ram\u00edrez Moreno y la Directora del Departamento de Gesti\u00f3n y Planeaci\u00f3n del IMPLAN, Mar\u00eda Luisa Melgoza del \u00c1ngel, record\u00f3 que los trabajos al interior de esta Administraci\u00f3n Municipal que encabeza el Alcalde, Alfonso Mart\u00ednez Alc\u00e1zar, deben privilegiar la movilidad en las diferentes colonias y revisar que cada zona habitacional existente o nueva, cuente con todos los servicios p\u00fablicos, de calidad y funcionales.<\/p>\n<p>En este tenor, Arvizu Cisneros se pronunci\u00f3 porque el Plan de Desarrollo Municipal sea el eje rector del crecimiento urbano del municipio, de ah\u00ed, dijo, que el Ayuntamiento de la capital michoacana ser\u00e1 cuidadoso de que este se efect\u00fae a cabalidad.<\/p>\n<p>Otro de los temas que se abordaron en esta reuni\u00f3n, fue la revisi\u00f3n de los tiempos en los tr\u00e1mites para los desarrolladores de vivienda, siendo que los contratistas habr\u00e1n de cumplir todos los requisitos para obtener la licencia de construcci\u00f3n.<\/p>\n","protected":false},"excerpt":{"rendered":"<p>La Comisi\u00f3n de Desarrollo Urbano y Obras P\u00fablicas del Ayuntamiento de Morelia, fomenta el ordenamiento urbano, a trav\u00e9s de la revisi\u00f3n minuciosa de la autorizaci\u00f3n de la construcci\u00f3n de nuevos complejos de viviendas en la ciudad,<\/p>\n","protected":false},"author":1,"featured_media":25374,"comment_status":"open","ping_status":"open","sticky":false,"template":"","format":"standard","meta":{"footnotes":""},"categories":[14,9],"tags":[],"class_list":["post-25373","post","type-post","status-publish","format-standard","has-post-thumbnail","hentry","category-destacadas","category-morelia"],"_links":{"self":[{"href":"https:\/\/radiowebmx.com\/nota\/wp-json\/wp\/v2\/posts\/25373","targetHints":{"allow":["GET"]}}],"collection":[{"href":"https:\/\/radiowebmx.com\/nota\/wp-json\/wp\/v2\/posts"}],"about":[{"href":"https:\/\/radiowebmx.com\/nota\/wp-json\/wp\/v2\/types\/post"}],"author":[{"embeddable":true,"href":"https:\/\/radiowebmx.com\/nota\/wp-json\/wp\/v2\/users\/1"}],"replies":[{"embeddable":true,"href":"https:\/\/radiowebmx.com\/nota\/wp-json\/wp\/v2\/comments?post=25373"}],"version-history":[{"count":1,"href":"https:\/\/radiowebmx.com\/nota\/wp-json\/wp\/v2\/posts\/25373\/revisions"}],"predecessor-version":[{"id":25375,"href":"https:\/\/radiowebmx.com\/nota\/wp-json\/wp\/v2\/posts\/25373\/revisions\/25375"}],"wp:featuredmedia":[{"embeddable":true,"href":"https:\/\/radiowebmx.com\/nota\/wp-json\/wp\/v2\/media\/25374"}],"wp:attachment":[{"href":"https:\/\/radiowebmx.com\/nota\/wp-json\/wp\/v2\/media?parent=25373"}],"wp:term":[{"taxonomy":"category","embeddable":true,"href":"https:\/\/radiowebmx.com\/nota\/wp-json\/wp\/v2\/categories?post=25373"},{"taxonomy":"post_tag","embeddable":true,"href":"https:\/\/radiowebmx.com\/nota\/wp-json\/wp\/v2\/tags?post=25373"}],"curies":[{"name":"wp","href":"https:\/\/api.w.org\/{rel}","templated":true}]}}