{"id":25370,"date":"2016-08-17T09:32:34","date_gmt":"2016-08-17T14:32:34","guid":{"rendered":"https:\/\/radiowebmx.com\/nota\/?p=25370"},"modified":"2016-08-17T09:32:34","modified_gmt":"2016-08-17T14:32:34","slug":"inauguran-el-ciclo-escolar-2016-2017-del-conalep-michoacan","status":"publish","type":"post","link":"https:\/\/radiowebmx.com\/nota\/inauguran-el-ciclo-escolar-2016-2017-del-conalep-michoacan\/","title":{"rendered":"Inauguran el ciclo escolar 2016-2017 del Conalep Michoac\u00e1n"},"content":{"rendered":"<p>De manera oficial este martes fue inaugurado el Ciclo Escolar 2016-2017 del Colegio de Educaci\u00f3n Profesional T\u00e9cnica del Estado de Michoac\u00e1n, en un evento celebrado en el plantel Morelia I del subsistema al que acudieron autoridades de los tres \u00f3rdenes de Gobierno, representantes del sector educativo y empresarial.<\/p>\n<p>Las directoras generales del Conalep y del Conalep Michoac\u00e1n, Candita Gil Jim\u00e9nez y Minerva Bautista G\u00f3mez, respectivamente, dieron la bienvenida a los 11 mil 365 alumnos (5 mil de nuevo ingreso) matriculados en los 13 planteles del subsistema, con una oferta educativa de 12 carreras t\u00e9cnicas.<\/p>\n<p>En su mensaje, Candita Gil Jim\u00e9nez destac\u00f3 que los estudiantes del Conalep Michoac\u00e1n podr\u00e1n adquirir los conocimientos, habilidades, destrezas y competencias necesarias para poder desarrollarse en su vida profesional a nivel\u00a0estatal, nacional e internacional.<\/p>\n<p>Reconoci\u00f3 en el Gobierno de Michoac\u00e1n, que encabeza el Gobernador Silvano Aureoles Conejo, el empuje para continuar con la encomienda de promover una educaci\u00f3n de calidad y aportar recursos humanos calificados para atender las demandas de t\u00e9cnicos en el pa\u00eds.<\/p>\n<p>\u201cHay suma de voluntades y estamos construyendo de la mano de los j\u00f3venes este proyecto, con el inicio de este ciclo escolar, la entrega de equipo y escrituras a planteles para contar con la certeza jur\u00eddica, as\u00ed como centros de evaluaci\u00f3n y certificaci\u00f3n en est\u00e1ndares de competencia\u201d, afirm\u00f3 la funcionaria federal.<\/p>\n<p>Asimismo, refiri\u00f3 que la presencia de los j\u00f3venes en los planteles Conalep da cuenta de la apuesta que desde esta instituci\u00f3n -pilar de la formaci\u00f3n t\u00e9cnica en M\u00e9xico- se hace a la educaci\u00f3n superior, al recordar que en \u00e9sta se ofrece capacitaci\u00f3n tecnol\u00f3gica y certificaci\u00f3n laboral, adem\u00e1s del intercambio acad\u00e9mico, con lo que se promueve a un pa\u00eds moderno y din\u00e1mico, en donde 274 planteles educativos en el pa\u00eds cuentan con un centro de emprendedores.<\/p>\n","protected":false},"excerpt":{"rendered":"<p>De manera oficial este martes fue inaugurado el Ciclo Escolar 2016-2017 del Colegio de Educaci\u00f3n Profesional T\u00e9cnica del Estado de Michoac\u00e1n, <\/p>\n","protected":false},"author":1,"featured_media":25371,"comment_status":"open","ping_status":"open","sticky":false,"template":"","format":"standard","meta":{"footnotes":""},"categories":[14,3],"tags":[],"class_list":["post-25370","post","type-post","status-publish","format-standard","has-post-thumbnail","hentry","category-destacadas","category-gobierno-del-estado-de-michoacan"],"_links":{"self":[{"href":"https:\/\/radiowebmx.com\/nota\/wp-json\/wp\/v2\/posts\/25370","targetHints":{"allow":["GET"]}}],"collection":[{"href":"https:\/\/radiowebmx.com\/nota\/wp-json\/wp\/v2\/posts"}],"about":[{"href":"https:\/\/radiowebmx.com\/nota\/wp-json\/wp\/v2\/types\/post"}],"author":[{"embeddable":true,"href":"https:\/\/radiowebmx.com\/nota\/wp-json\/wp\/v2\/users\/1"}],"replies":[{"embeddable":true,"href":"https:\/\/radiowebmx.com\/nota\/wp-json\/wp\/v2\/comments?post=25370"}],"version-history":[{"count":1,"href":"https:\/\/radiowebmx.com\/nota\/wp-json\/wp\/v2\/posts\/25370\/revisions"}],"predecessor-version":[{"id":25372,"href":"https:\/\/radiowebmx.com\/nota\/wp-json\/wp\/v2\/posts\/25370\/revisions\/25372"}],"wp:featuredmedia":[{"embeddable":true,"href":"https:\/\/radiowebmx.com\/nota\/wp-json\/wp\/v2\/media\/25371"}],"wp:attachment":[{"href":"https:\/\/radiowebmx.com\/nota\/wp-json\/wp\/v2\/media?parent=25370"}],"wp:term":[{"taxonomy":"category","embeddable":true,"href":"https:\/\/radiowebmx.com\/nota\/wp-json\/wp\/v2\/categories?post=25370"},{"taxonomy":"post_tag","embeddable":true,"href":"https:\/\/radiowebmx.com\/nota\/wp-json\/wp\/v2\/tags?post=25370"}],"curies":[{"name":"wp","href":"https:\/\/api.w.org\/{rel}","templated":true}]}}