{"id":25367,"date":"2016-08-17T09:17:16","date_gmt":"2016-08-17T14:17:16","guid":{"rendered":"https:\/\/radiowebmx.com\/nota\/?p=25367"},"modified":"2016-08-17T09:17:16","modified_gmt":"2016-08-17T14:17:16","slug":"arranca-gobernador-programa-vende-mas-apoyos-para-pequenos-negocios","status":"publish","type":"post","link":"https:\/\/radiowebmx.com\/nota\/arranca-gobernador-programa-vende-mas-apoyos-para-pequenos-negocios\/","title":{"rendered":"Arranca Gobernador Programa Vende m\u00e1s, apoyos para peque\u00f1os negocios"},"content":{"rendered":"<p><a href=\"https:\/\/radiowebmx.com\/nota\/wp-content\/uploads\/2016\/08\/5799c6ac-8fe3-4ed2-9c64-653e56d4b2ea.jpg\"><img loading=\"lazy\" decoding=\"async\" class=\"alignleft size-full wp-image-25368\" src=\"https:\/\/radiowebmx.com\/nota\/wp-content\/uploads\/2016\/08\/5799c6ac-8fe3-4ed2-9c64-653e56d4b2ea.jpg\" alt=\"5799c6ac-8fe3-4ed2-9c64-653e56d4b2ea\" width=\"591\" height=\"330\" srcset=\"https:\/\/radiowebmx.com\/nota\/wp-content\/uploads\/2016\/08\/5799c6ac-8fe3-4ed2-9c64-653e56d4b2ea.jpg 591w, https:\/\/radiowebmx.com\/nota\/wp-content\/uploads\/2016\/08\/5799c6ac-8fe3-4ed2-9c64-653e56d4b2ea-300x168.jpg 300w, https:\/\/radiowebmx.com\/nota\/wp-content\/uploads\/2016\/08\/5799c6ac-8fe3-4ed2-9c64-653e56d4b2ea-284x158.jpg 284w, https:\/\/radiowebmx.com\/nota\/wp-content\/uploads\/2016\/08\/5799c6ac-8fe3-4ed2-9c64-653e56d4b2ea-128x72.jpg 128w\" sizes=\"auto, (max-width: 591px) 100vw, 591px\" \/><\/a>El Gobernador del Estado, Silvano Aureoles Conejo, arranc\u00f3 uno de los programas para fortalecer la econom\u00eda estatal a partir del impulso a los micro, peque\u00f1os y medianos negocios (Mipymes), Vende m\u00e1s, a trav\u00e9s del cual se favorecer\u00e1 en una primera etapa a casi mil 500 propietarios de 60 municipios de la entidad, con una inversi\u00f3n tripartita de 26.2 millones de pesos.<\/p>\n<p>En la emblem\u00e1tica Plaza Valladolid, el mandatario estatal se\u00f1al\u00f3 que quienes mueven la mayor parte de la econom\u00eda son precisamente los peque\u00f1os empresarios y empresarias, por ello la intenci\u00f3n es que durante su sexenio haya al menos 10 mil negocios que contraten 10 trabajadores cada uno, para de esta manera, generar 100 mil empleos a favor de las y los michoacanos.<\/p>\n<p>La apuesta, por un lado, es a generar las condiciones para que se establezcan las grandes inversiones, pero tambi\u00e9n a fortalecer la inversi\u00f3n peque\u00f1a y mediana; recalc\u00f3.<\/p>\n<p>Aureoles Conejo reiter\u00f3 que uno de los sectores que m\u00e1s le interesa empoderar, son las mujeres michoacanas, quienes han demostrado tener la fortaleza y capacidad para emprender un negocio que les ayude a ellas y sus familias a salir adelante.<\/p>\n<p>\u201cLos peque\u00f1os negocios son nuestra gran esperanza\u201d, dijo el Gobernador y apunt\u00f3 que el reto es acompa\u00f1arlos a que se sigan fortaleciendo y creciendo.<\/p>\n<p>Mediante Vende m\u00e1s, programa que re\u00fane el esfuerzo de la Secretar\u00eda de Econom\u00eda federal, la Secretar\u00eda de Desarrollo Econ\u00f3mico del Estado y los ayuntamientos participantes, se apoyar\u00e1 con cinco componentes a los beneficiarios: capital incentivo; equipamiento; mejoramiento de fachadas; capacitaci\u00f3n para fortalecer las habilidades para el crecimiento de los negocios; as\u00ed como consultor\u00eda para hace un diagn\u00f3stico que permita construir un plan de negocios.<\/p>\n<p>Tambi\u00e9n incluye una campa\u00f1a de promoci\u00f3n con el objetivo de fomentar el consumo interno y con ello fortalecer la econom\u00eda local. Todo ello, a fin de que los micro, peque\u00f1os y medianos negocios sean m\u00e1s productivos y competitivos.<\/p>\n<p>De acuerdo al secretario de Desarrollo Econ\u00f3mico, Antonio Soto S\u00e1nchez, las Mipymes generan el 75 por ciento de los empleos en Michoac\u00e1n, contribuyen con m\u00e1s del 50 por ciento del Producto Interno Bruto de la econom\u00eda del estado, por lo que apoyar a estas unidades econ\u00f3micas equivale a que se conserven los empleos y se tengan nuevas capacidades para crear m\u00e1s puestos de trabajo.<\/p>\n<p>Agreg\u00f3 que el sector terciario- de comercio y servicios-, representa el 65.76 por ciento de la actividad econ\u00f3mica de Michoac\u00e1n y de \u00e9ste porcentaje, el 95.8 por ciento son microempresas, las cuales en su inmensa mayor\u00eda no reciben ning\u00fan tipo de apoyo gubernamental ni tienen acceso a un financiamiento privado especial, por lo que Vende m\u00e1s es parte de una pol\u00edtica p\u00fablica dise\u00f1ada para contribuir a que los micronegocios sean m\u00e1s productivos, competitivos y exitosos.<\/p>\n","protected":false},"excerpt":{"rendered":"<p>El Gobernador del Estado, Silvano Aureoles Conejo, arranc\u00f3 uno de los programas para fortalecer la econom\u00eda estatal a partir del impulso a los Mipymes, Vende m\u00e1s, <\/p>\n","protected":false},"author":1,"featured_media":25368,"comment_status":"open","ping_status":"open","sticky":false,"template":"","format":"standard","meta":{"footnotes":""},"categories":[14,3],"tags":[],"class_list":["post-25367","post","type-post","status-publish","format-standard","has-post-thumbnail","hentry","category-destacadas","category-gobierno-del-estado-de-michoacan"],"_links":{"self":[{"href":"https:\/\/radiowebmx.com\/nota\/wp-json\/wp\/v2\/posts\/25367","targetHints":{"allow":["GET"]}}],"collection":[{"href":"https:\/\/radiowebmx.com\/nota\/wp-json\/wp\/v2\/posts"}],"about":[{"href":"https:\/\/radiowebmx.com\/nota\/wp-json\/wp\/v2\/types\/post"}],"author":[{"embeddable":true,"href":"https:\/\/radiowebmx.com\/nota\/wp-json\/wp\/v2\/users\/1"}],"replies":[{"embeddable":true,"href":"https:\/\/radiowebmx.com\/nota\/wp-json\/wp\/v2\/comments?post=25367"}],"version-history":[{"count":1,"href":"https:\/\/radiowebmx.com\/nota\/wp-json\/wp\/v2\/posts\/25367\/revisions"}],"predecessor-version":[{"id":25369,"href":"https:\/\/radiowebmx.com\/nota\/wp-json\/wp\/v2\/posts\/25367\/revisions\/25369"}],"wp:featuredmedia":[{"embeddable":true,"href":"https:\/\/radiowebmx.com\/nota\/wp-json\/wp\/v2\/media\/25368"}],"wp:attachment":[{"href":"https:\/\/radiowebmx.com\/nota\/wp-json\/wp\/v2\/media?parent=25367"}],"wp:term":[{"taxonomy":"category","embeddable":true,"href":"https:\/\/radiowebmx.com\/nota\/wp-json\/wp\/v2\/categories?post=25367"},{"taxonomy":"post_tag","embeddable":true,"href":"https:\/\/radiowebmx.com\/nota\/wp-json\/wp\/v2\/tags?post=25367"}],"curies":[{"name":"wp","href":"https:\/\/api.w.org\/{rel}","templated":true}]}}