{"id":25344,"date":"2016-08-16T09:58:08","date_gmt":"2016-08-16T14:58:08","guid":{"rendered":"https:\/\/radiowebmx.com\/nota\/?p=25344"},"modified":"2016-08-16T09:58:08","modified_gmt":"2016-08-16T14:58:08","slug":"en-septiembre-estara-listo-el-nuevo-edificio-de-la-univim","status":"publish","type":"post","link":"https:\/\/radiowebmx.com\/nota\/en-septiembre-estara-listo-el-nuevo-edificio-de-la-univim\/","title":{"rendered":"En septiembre estar\u00e1 listo el nuevo edificio de la Univim"},"content":{"rendered":"<p><a href=\"https:\/\/radiowebmx.com\/nota\/wp-content\/uploads\/2016\/08\/a6958eb5-ade0-4290-837d-a2c8199f5d7a.jpeg\"><img loading=\"lazy\" decoding=\"async\" class=\"alignleft size-full wp-image-25345\" src=\"https:\/\/radiowebmx.com\/nota\/wp-content\/uploads\/2016\/08\/a6958eb5-ade0-4290-837d-a2c8199f5d7a.jpeg\" alt=\"a6958eb5-ade0-4290-837d-a2c8199f5d7a\" width=\"591\" height=\"309\" srcset=\"https:\/\/radiowebmx.com\/nota\/wp-content\/uploads\/2016\/08\/a6958eb5-ade0-4290-837d-a2c8199f5d7a.jpeg 591w, https:\/\/radiowebmx.com\/nota\/wp-content\/uploads\/2016\/08\/a6958eb5-ade0-4290-837d-a2c8199f5d7a-300x157.jpeg 300w\" sizes=\"auto, (max-width: 591px) 100vw, 591px\" \/><\/a>Con el objetivo de mejorar la infraestructura educativa en el nivel superior, la Universidad Virtual del Estado de Michoac\u00e1n (Univim), da seguimiento a las \u00faltimas obras de construcci\u00f3n de su nuevo edificio, que ser\u00e1 entregado por la empresa constructora el pr\u00f3ximo 30 de septiembre.<\/p>\n<p>La rectora de la Univim, Silvia Mendoza Valenzuela, se reuni\u00f3 con los constructores para dar seguimiento a las acciones necesarias para realizar el traslado del equipo de trabajo y del personal.<\/p>\n<p>Las obras que est\u00e1n en proceso son, la construcci\u00f3n del murete de cimentaci\u00f3n, red hidr\u00e1ulica exterior, terminaci\u00f3n de cisterna, terminaci\u00f3n de cuarto de m\u00e1quinas, red el\u00e9ctrica exterior, barda perimetral, respaldo de energ\u00eda, cambio del site (cuarto de telecomunicaciones), y acondicionamiento del mismo, las cuales cuentan con un avance del 70 por ciento.<\/p>\n<p>Cabe mencionar que la empresa encargada de las obras particip\u00f3 en un proceso de licitaci\u00f3n transparente y apegado a la normatividad estatal, el cual estuvo a cargo del Instituto de Infraestructura F\u00edsica Educativa del Estado de Michoac\u00e1n (IIFEEM).<\/p>\n<p>El nuevo edificio de la Univim, se ubica en Defensores de Chapultepec 1175, en la ciudad de Morelia.<\/p>\n","protected":false},"excerpt":{"rendered":"<p>Con el objetivo de mejorar la infraestructura educativa en el nivel superior, la Univim, da seguimiento a las \u00faltimas obras de construcci\u00f3n de su nuevo edificio, que ser\u00e1 entregado por la empresa constructora el pr\u00f3ximo 30 de septiembre.<\/p>\n","protected":false},"author":1,"featured_media":25345,"comment_status":"open","ping_status":"open","sticky":false,"template":"","format":"standard","meta":{"footnotes":""},"categories":[14,3],"tags":[],"class_list":["post-25344","post","type-post","status-publish","format-standard","has-post-thumbnail","hentry","category-destacadas","category-gobierno-del-estado-de-michoacan"],"_links":{"self":[{"href":"https:\/\/radiowebmx.com\/nota\/wp-json\/wp\/v2\/posts\/25344","targetHints":{"allow":["GET"]}}],"collection":[{"href":"https:\/\/radiowebmx.com\/nota\/wp-json\/wp\/v2\/posts"}],"about":[{"href":"https:\/\/radiowebmx.com\/nota\/wp-json\/wp\/v2\/types\/post"}],"author":[{"embeddable":true,"href":"https:\/\/radiowebmx.com\/nota\/wp-json\/wp\/v2\/users\/1"}],"replies":[{"embeddable":true,"href":"https:\/\/radiowebmx.com\/nota\/wp-json\/wp\/v2\/comments?post=25344"}],"version-history":[{"count":1,"href":"https:\/\/radiowebmx.com\/nota\/wp-json\/wp\/v2\/posts\/25344\/revisions"}],"predecessor-version":[{"id":25346,"href":"https:\/\/radiowebmx.com\/nota\/wp-json\/wp\/v2\/posts\/25344\/revisions\/25346"}],"wp:featuredmedia":[{"embeddable":true,"href":"https:\/\/radiowebmx.com\/nota\/wp-json\/wp\/v2\/media\/25345"}],"wp:attachment":[{"href":"https:\/\/radiowebmx.com\/nota\/wp-json\/wp\/v2\/media?parent=25344"}],"wp:term":[{"taxonomy":"category","embeddable":true,"href":"https:\/\/radiowebmx.com\/nota\/wp-json\/wp\/v2\/categories?post=25344"},{"taxonomy":"post_tag","embeddable":true,"href":"https:\/\/radiowebmx.com\/nota\/wp-json\/wp\/v2\/tags?post=25344"}],"curies":[{"name":"wp","href":"https:\/\/api.w.org\/{rel}","templated":true}]}}