{"id":25338,"date":"2016-08-16T09:08:42","date_gmt":"2016-08-16T14:08:42","guid":{"rendered":"https:\/\/radiowebmx.com\/nota\/?p=25338"},"modified":"2016-08-16T09:08:42","modified_gmt":"2016-08-16T14:08:42","slug":"inaugura-adrian-lopez-el-encuentro-nacional-de-archivos-del-poder-ejecutivo","status":"publish","type":"post","link":"https:\/\/radiowebmx.com\/nota\/inaugura-adrian-lopez-el-encuentro-nacional-de-archivos-del-poder-ejecutivo\/","title":{"rendered":"Inaugura Adri\u00e1n L\u00f3pez el Encuentro Nacional de Archivos del Poder Ejecutivo"},"content":{"rendered":"<p dir=\"ltr\"><a href=\"https:\/\/radiowebmx.com\/nota\/wp-content\/uploads\/2016\/08\/f6c73392-c48f-4c33-8a75-1288290a9657.jpg\"><img loading=\"lazy\" decoding=\"async\" class=\"alignleft size-full wp-image-25339\" src=\"https:\/\/radiowebmx.com\/nota\/wp-content\/uploads\/2016\/08\/f6c73392-c48f-4c33-8a75-1288290a9657.jpg\" alt=\"f6c73392-c48f-4c33-8a75-1288290a9657\" width=\"591\" height=\"390\" srcset=\"https:\/\/radiowebmx.com\/nota\/wp-content\/uploads\/2016\/08\/f6c73392-c48f-4c33-8a75-1288290a9657.jpg 591w, https:\/\/radiowebmx.com\/nota\/wp-content\/uploads\/2016\/08\/f6c73392-c48f-4c33-8a75-1288290a9657-300x198.jpg 300w\" sizes=\"auto, (max-width: 591px) 100vw, 591px\" \/><\/a>Con la presencia de titulares y responsables de m\u00e1s de 20 Archivos estatales de la Rep\u00fablica Mexicana, este lunes arrancaron los trabajos del Encuentro Nacional de Archivos del Poder Ejecutivo de las Entidades Federativas.<\/p>\n<p dir=\"ltr\">Con la representaci\u00f3n del Gobernador del Estado, Silvano Aureoles Conejo, el secretario de Gobierno, Adri\u00e1n L\u00f3pez Sol\u00eds, y la directora del Archivo General de la Naci\u00f3n (AGN), Mercedes de la Vega, encabezaron el acto inaugural de este importante evento en el que se analizar\u00e1 y propondr\u00e1 la articulaci\u00f3n de los Sistemas Estatales de Archivo.<\/p>\n<p dir=\"ltr\">Durante la apertura de este foro, organizado por el propio AGN y por el Gobierno del Estado de Michoac\u00e1n a trav\u00e9s de la Secretar\u00eda de Gobierno, el responsable de la pol\u00edtica interna de la entidad destac\u00f3 los esfuerzos en este proceso de articulaci\u00f3n del trabajo de los archivos en el pa\u00eds.<\/p>\n<p dir=\"ltr\">\u201cOjal\u00e1 que esto redunde en un beneficio a las buenas pr\u00e1cticas de las administraciones p\u00fablicas y, en consecuencia, a la mejor toma de decisiones en beneficio de la poblaci\u00f3n\u201d, complement\u00f3.<\/p>\n<p dir=\"ltr\">Subray\u00f3 que se tiene presente en todo momento el compromiso del Gobernador Silvano Aureoles Conejo para reforzar desde Michoac\u00e1n el trabajo coordinado que encabeza el Archivo General de la Naci\u00f3n y cada una de las entidades para conformar los Sistemas Estatales de Archivo.<\/p>\n<p dir=\"ltr\">Finalmente, y luego de augurar \u00e9xito en los trabajos de este foro, reconoci\u00f3 la labor de preservar el registro y la memoria de lo que se hace y se deja de hacer, toda vez que no s\u00f3lo debe estar reducida a una oficina, a una direcci\u00f3n o a un \u00e1rea que se encarga de resguardar.<\/p>\n<p dir=\"ltr\">\u201cHoy estamos obligados en todas las oficinas donde estamos realizando un servicio p\u00fablico o una funci\u00f3n de estado a mantener el registro de nuestras decisiones, y creo que en esta otra vertiente se dinamiza el trabajo de los archivistas\u201d, concluy\u00f3.<\/p>\n<p dir=\"ltr\">En su intervenci\u00f3n, y luego de reconocer a Michoac\u00e1n como un generador importante de aportaciones a la historia y a la cultura de M\u00e9xico por su extraordinario patrimonio documental, la directora del AGN, Mercedes de la Vega, detall\u00f3 que la hip\u00f3tesis de trabajo de este encuentro se centra en la estrecha relaci\u00f3n entre el Estado Mexicano, el Gobierno, los derechos humanos y los Archivos.<\/p>\n","protected":false},"excerpt":{"rendered":"<p>Con la presencia de titulares y responsables de m\u00e1s de 20 Archivos estatales de la Rep\u00fablica Mexicana, este lunes arrancaron los trabajos del Encuentro Nacional de Archivos del Poder Ejecutivo de las Entidades Federativas.<\/p>\n","protected":false},"author":1,"featured_media":25339,"comment_status":"open","ping_status":"open","sticky":false,"template":"","format":"standard","meta":{"footnotes":""},"categories":[14,3],"tags":[],"class_list":["post-25338","post","type-post","status-publish","format-standard","has-post-thumbnail","hentry","category-destacadas","category-gobierno-del-estado-de-michoacan"],"_links":{"self":[{"href":"https:\/\/radiowebmx.com\/nota\/wp-json\/wp\/v2\/posts\/25338","targetHints":{"allow":["GET"]}}],"collection":[{"href":"https:\/\/radiowebmx.com\/nota\/wp-json\/wp\/v2\/posts"}],"about":[{"href":"https:\/\/radiowebmx.com\/nota\/wp-json\/wp\/v2\/types\/post"}],"author":[{"embeddable":true,"href":"https:\/\/radiowebmx.com\/nota\/wp-json\/wp\/v2\/users\/1"}],"replies":[{"embeddable":true,"href":"https:\/\/radiowebmx.com\/nota\/wp-json\/wp\/v2\/comments?post=25338"}],"version-history":[{"count":1,"href":"https:\/\/radiowebmx.com\/nota\/wp-json\/wp\/v2\/posts\/25338\/revisions"}],"predecessor-version":[{"id":25340,"href":"https:\/\/radiowebmx.com\/nota\/wp-json\/wp\/v2\/posts\/25338\/revisions\/25340"}],"wp:featuredmedia":[{"embeddable":true,"href":"https:\/\/radiowebmx.com\/nota\/wp-json\/wp\/v2\/media\/25339"}],"wp:attachment":[{"href":"https:\/\/radiowebmx.com\/nota\/wp-json\/wp\/v2\/media?parent=25338"}],"wp:term":[{"taxonomy":"category","embeddable":true,"href":"https:\/\/radiowebmx.com\/nota\/wp-json\/wp\/v2\/categories?post=25338"},{"taxonomy":"post_tag","embeddable":true,"href":"https:\/\/radiowebmx.com\/nota\/wp-json\/wp\/v2\/tags?post=25338"}],"curies":[{"name":"wp","href":"https:\/\/api.w.org\/{rel}","templated":true}]}}