{"id":25335,"date":"2016-08-16T09:00:05","date_gmt":"2016-08-16T14:00:05","guid":{"rendered":"https:\/\/radiowebmx.com\/nota\/?p=25335"},"modified":"2016-08-16T09:00:05","modified_gmt":"2016-08-16T14:00:05","slug":"semigrante-presenta-obra-literaria-de-migrante-michoacano","status":"publish","type":"post","link":"https:\/\/radiowebmx.com\/nota\/semigrante-presenta-obra-literaria-de-migrante-michoacano\/","title":{"rendered":"Semigrante presenta obra literaria de migrante michoacano"},"content":{"rendered":"<p><a href=\"https:\/\/radiowebmx.com\/nota\/wp-content\/uploads\/2016\/08\/581eb3b9-9281-403e-a406-d39e3af82cb0.jpg\"><img loading=\"lazy\" decoding=\"async\" class=\"alignleft size-full wp-image-25336\" src=\"https:\/\/radiowebmx.com\/nota\/wp-content\/uploads\/2016\/08\/581eb3b9-9281-403e-a406-d39e3af82cb0.jpg\" alt=\"581eb3b9-9281-403e-a406-d39e3af82cb0\" width=\"591\" height=\"356\" srcset=\"https:\/\/radiowebmx.com\/nota\/wp-content\/uploads\/2016\/08\/581eb3b9-9281-403e-a406-d39e3af82cb0.jpg 591w, https:\/\/radiowebmx.com\/nota\/wp-content\/uploads\/2016\/08\/581eb3b9-9281-403e-a406-d39e3af82cb0-300x181.jpg 300w\" sizes=\"auto, (max-width: 591px) 100vw, 591px\" \/><\/a>Con el objetivo de difundir las expresiones del fen\u00f3meno migratorio, la Secretar\u00eda de Migrante (Semigrante), present\u00f3 el libro \u201cEl sabor del desd\u00e9n\u201d, del migrante michoacano V\u00edctor M. Cort\u00e9s, quien en 212 p\u00e1ginas presenta una cr\u00f3nica detallada y puntual de la vida y acontecer de mexicanos y latinos en Estados Unidos.<\/p>\n<p>La presentaci\u00f3n de la obra se llev\u00f3 a cabo en la Casa de la Cultura de Morelia y fue encabezada por Mar\u00eda Elena Rivera, integrante del Consejo Consultivo del Migrante Michoacano, y por Carlos Gami\u00f1o, quien con la representaci\u00f3n del titular de la\u00a0Semigrante, Jos\u00e9 Luis Guti\u00e9rrez, hizo un llamado a las y los ciudadanos en general a involucrarse en el tema migratorio a trav\u00e9s de actividades que fortalecen la relaci\u00f3n bilateral, como talleres, capacitaciones, conferencias y jornadas culturales.<\/p>\n<p>V\u00edctor M. Cort\u00e9s naci\u00f3 en Zit\u00e1cuaro en 1948, en 1972 dej\u00f3 el pa\u00eds para irse a vivir a Chicago, Illinois, para cerciorarse \u2013seg\u00fan sus propias palabras- \u201ccomo se barr\u00edan los d\u00f3lares de esas tierras\u201d.<\/p>\n<p>A finales del a\u00f1o 2006 public\u00f3 su primera obra, siendo \u201cEl sabor del desd\u00e9n\u201d su tercer libro. Sus trabajos han sido presentados en ciudades como San Diego y Los \u00c1ngeles California, Zacatecas, Ciudad de M\u00e9xico, Campeche, P\u00e1tzcuaro, Morelia y Zit\u00e1cuaro.<\/p>\n","protected":false},"excerpt":{"rendered":"<p>En el marco de la instalaci\u00f3n del Consejo Consultivo del Migrante Michoacano 2016-2019, se realiz\u00f3 la presentaci\u00f3n de \u201cEl sabor del desd\u00e9n\u201d, de V\u00edctor M. Cort\u00e9s.<\/p>\n","protected":false},"author":1,"featured_media":25336,"comment_status":"open","ping_status":"open","sticky":false,"template":"","format":"standard","meta":{"footnotes":""},"categories":[14,3],"tags":[],"class_list":["post-25335","post","type-post","status-publish","format-standard","has-post-thumbnail","hentry","category-destacadas","category-gobierno-del-estado-de-michoacan"],"_links":{"self":[{"href":"https:\/\/radiowebmx.com\/nota\/wp-json\/wp\/v2\/posts\/25335","targetHints":{"allow":["GET"]}}],"collection":[{"href":"https:\/\/radiowebmx.com\/nota\/wp-json\/wp\/v2\/posts"}],"about":[{"href":"https:\/\/radiowebmx.com\/nota\/wp-json\/wp\/v2\/types\/post"}],"author":[{"embeddable":true,"href":"https:\/\/radiowebmx.com\/nota\/wp-json\/wp\/v2\/users\/1"}],"replies":[{"embeddable":true,"href":"https:\/\/radiowebmx.com\/nota\/wp-json\/wp\/v2\/comments?post=25335"}],"version-history":[{"count":1,"href":"https:\/\/radiowebmx.com\/nota\/wp-json\/wp\/v2\/posts\/25335\/revisions"}],"predecessor-version":[{"id":25337,"href":"https:\/\/radiowebmx.com\/nota\/wp-json\/wp\/v2\/posts\/25335\/revisions\/25337"}],"wp:featuredmedia":[{"embeddable":true,"href":"https:\/\/radiowebmx.com\/nota\/wp-json\/wp\/v2\/media\/25336"}],"wp:attachment":[{"href":"https:\/\/radiowebmx.com\/nota\/wp-json\/wp\/v2\/media?parent=25335"}],"wp:term":[{"taxonomy":"category","embeddable":true,"href":"https:\/\/radiowebmx.com\/nota\/wp-json\/wp\/v2\/categories?post=25335"},{"taxonomy":"post_tag","embeddable":true,"href":"https:\/\/radiowebmx.com\/nota\/wp-json\/wp\/v2\/tags?post=25335"}],"curies":[{"name":"wp","href":"https:\/\/api.w.org\/{rel}","templated":true}]}}