{"id":25292,"date":"2016-08-12T13:47:43","date_gmt":"2016-08-12T18:47:43","guid":{"rendered":"https:\/\/radiowebmx.com\/nota\/?p=25292"},"modified":"2016-08-12T13:47:43","modified_gmt":"2016-08-12T18:47:43","slug":"ssp-libera-vias-de-comunicacion-en-patzcuaro","status":"publish","type":"post","link":"https:\/\/radiowebmx.com\/nota\/ssp-libera-vias-de-comunicacion-en-patzcuaro\/","title":{"rendered":"SSP libera v\u00edas de comunicaci\u00f3n en P\u00e1tzcuaro"},"content":{"rendered":"<p><a href=\"https:\/\/radiowebmx.com\/nota\/wp-content\/uploads\/2016\/08\/1e035b66-208e-405e-a87d-5736e597b972.jpeg\"><img loading=\"lazy\" decoding=\"async\" class=\"alignleft size-full wp-image-25293\" src=\"https:\/\/radiowebmx.com\/nota\/wp-content\/uploads\/2016\/08\/1e035b66-208e-405e-a87d-5736e597b972.jpeg\" alt=\"1e035b66-208e-405e-a87d-5736e597b972\" width=\"591\" height=\"332\" srcset=\"https:\/\/radiowebmx.com\/nota\/wp-content\/uploads\/2016\/08\/1e035b66-208e-405e-a87d-5736e597b972.jpeg 591w, https:\/\/radiowebmx.com\/nota\/wp-content\/uploads\/2016\/08\/1e035b66-208e-405e-a87d-5736e597b972-300x169.jpeg 300w, https:\/\/radiowebmx.com\/nota\/wp-content\/uploads\/2016\/08\/1e035b66-208e-405e-a87d-5736e597b972-128x72.jpeg 128w\" sizes=\"auto, (max-width: 591px) 100vw, 591px\" \/><\/a>La Secretar\u00eda de Seguridad P\u00fablica informa que se logr\u00f3 la liberaci\u00f3n de la circulaci\u00f3n en la carretera Morelia &#8211; P\u00e1tzcuaro y la autopista Siglo XXI a la altura del kil\u00f3metro 68, que hab\u00edan sido bloqueados por estudiantes normalistas.<\/p>\n<p>Asimismo se despleg\u00f3 a elementos del Grupo de Operaciones Especiales para recuperar el orden en la comunidad de Ajuno del municipio de P\u00e1tzcuaro, donde los manifestantes radicalizaron sus acciones e incendiaron dos veh\u00edculos comerciales sobre las v\u00edas del tren.<\/p>\n<p>Con el apoyo de bomberos, se control\u00f3 el fuego de las unidades incendiadas y con gr\u00faas, la Polic\u00eda Michoac\u00e1n retir\u00f3 cuatro veh\u00edculos que hab\u00edan sido atravesados en diversos puntos de la autopista.<\/p>\n<p>Con la presencia policial, los grupos de manifestantes se dispersaron, logr\u00e1ndose recuperar las vialidades y evitar que siguieran cometiendo actos fuera de la ley.<\/p>\n<p>La Secretar\u00eda de Seguridad P\u00fablica recalca su respaldo a la sociedad y hace un llamado para que presenten las denuncias correspondientes ante las autoridades legales, si son v\u00edctimas de alg\u00fan acto que violente sus derechos.<\/p>\n","protected":false},"excerpt":{"rendered":"<p>La Secretar\u00eda de Seguridad P\u00fablica informa que se logr\u00f3 la liberaci\u00f3n de la circulaci\u00f3n en la carretera Morelia &#8211; P\u00e1tzcuaro y la autopista Siglo XXI a la altura del kil\u00f3metro 68, que hab\u00edan sido bloqueados por estudiantes normalistas.<\/p>\n","protected":false},"author":1,"featured_media":25293,"comment_status":"open","ping_status":"open","sticky":false,"template":"","format":"standard","meta":{"footnotes":""},"categories":[14,3],"tags":[],"class_list":["post-25292","post","type-post","status-publish","format-standard","has-post-thumbnail","hentry","category-destacadas","category-gobierno-del-estado-de-michoacan"],"_links":{"self":[{"href":"https:\/\/radiowebmx.com\/nota\/wp-json\/wp\/v2\/posts\/25292","targetHints":{"allow":["GET"]}}],"collection":[{"href":"https:\/\/radiowebmx.com\/nota\/wp-json\/wp\/v2\/posts"}],"about":[{"href":"https:\/\/radiowebmx.com\/nota\/wp-json\/wp\/v2\/types\/post"}],"author":[{"embeddable":true,"href":"https:\/\/radiowebmx.com\/nota\/wp-json\/wp\/v2\/users\/1"}],"replies":[{"embeddable":true,"href":"https:\/\/radiowebmx.com\/nota\/wp-json\/wp\/v2\/comments?post=25292"}],"version-history":[{"count":1,"href":"https:\/\/radiowebmx.com\/nota\/wp-json\/wp\/v2\/posts\/25292\/revisions"}],"predecessor-version":[{"id":25294,"href":"https:\/\/radiowebmx.com\/nota\/wp-json\/wp\/v2\/posts\/25292\/revisions\/25294"}],"wp:featuredmedia":[{"embeddable":true,"href":"https:\/\/radiowebmx.com\/nota\/wp-json\/wp\/v2\/media\/25293"}],"wp:attachment":[{"href":"https:\/\/radiowebmx.com\/nota\/wp-json\/wp\/v2\/media?parent=25292"}],"wp:term":[{"taxonomy":"category","embeddable":true,"href":"https:\/\/radiowebmx.com\/nota\/wp-json\/wp\/v2\/categories?post=25292"},{"taxonomy":"post_tag","embeddable":true,"href":"https:\/\/radiowebmx.com\/nota\/wp-json\/wp\/v2\/tags?post=25292"}],"curies":[{"name":"wp","href":"https:\/\/api.w.org\/{rel}","templated":true}]}}