{"id":25288,"date":"2016-08-12T13:44:58","date_gmt":"2016-08-12T18:44:58","guid":{"rendered":"https:\/\/radiowebmx.com\/nota\/?p=25288"},"modified":"2016-08-12T13:44:58","modified_gmt":"2016-08-12T18:44:58","slug":"entrega-ceconexpo-uniformes-a-personal-sindicalizado","status":"publish","type":"post","link":"https:\/\/radiowebmx.com\/nota\/entrega-ceconexpo-uniformes-a-personal-sindicalizado\/","title":{"rendered":"Entrega Ceconexpo uniformes a personal sindicalizado"},"content":{"rendered":"<p><a href=\"https:\/\/radiowebmx.com\/nota\/wp-content\/uploads\/2016\/08\/23cc58c0-574d-4123-9efa-d97a4bf6aed2.jpg\"><img loading=\"lazy\" decoding=\"async\" class=\"alignleft size-full wp-image-25289\" src=\"https:\/\/radiowebmx.com\/nota\/wp-content\/uploads\/2016\/08\/23cc58c0-574d-4123-9efa-d97a4bf6aed2.jpg\" alt=\"23cc58c0-574d-4123-9efa-d97a4bf6aed2\" width=\"591\" height=\"370\" srcset=\"https:\/\/radiowebmx.com\/nota\/wp-content\/uploads\/2016\/08\/23cc58c0-574d-4123-9efa-d97a4bf6aed2.jpg 591w, https:\/\/radiowebmx.com\/nota\/wp-content\/uploads\/2016\/08\/23cc58c0-574d-4123-9efa-d97a4bf6aed2-300x188.jpg 300w\" sizes=\"auto, (max-width: 591px) 100vw, 591px\" \/><\/a>Una instituci\u00f3n s\u00f3lida, es aquella que tiene presente que su principal recurso son sus trabajadores, por lo tanto, deben de contar con condiciones \u00f3ptimas para llevar a cabo sus labores, destac\u00f3 el director general del Centro de Convenciones de Morelia (Ceconexpo), Oscar Celis Silva, al hacer la entrega oficial de uniformes al personal sindicalizado de este organismo.<\/p>\n<p>Durante el evento, el funcionario mencion\u00f3 que la dependencia ha sido sede de importantes eventos internacionales, nacionales y locales, adem\u00e1s de ser considerado un lugar atractivo tur\u00edstico por contar con el Planetario y el Orquidario.<\/p>\n<p>Oscar Celis reconoci\u00f3 la labor tanto del personal de intendencia, jardiner\u00eda, administrativos y t\u00e9cnicos, al se\u00f1alar que, \u201ccon su esmero\u00a0 y dedicaci\u00f3n se ha logrado obtener el \u00e9xito en los diversos eventos que ha albergado este organismo\u201d.<\/p>\n<p>Expres\u00f3 a los trabajadores, que dicha entrega no es un regalo por parte del gobierno,\u00a0sino una obligaci\u00f3n que el propio Gobernador Silvano Aureoles Conejo, les ha instruido de \u00a0dotar de uniformes adecuados y las herramientas necesarias para el cumplimiento de sus funciones, en tanto, exhort\u00f3 a los trabajadores a portar con orgullo los uniformes recibidos.<\/p>\n","protected":false},"excerpt":{"rendered":"<p>Una instituci\u00f3n s\u00f3lida, es aquella que tiene presente que su principal recurso son sus trabajadores, por lo tanto, deben de contar con condiciones \u00f3ptimas para llevar a cabo sus labores, destac\u00f3 el director general del Ceconexpo,<\/p>\n","protected":false},"author":1,"featured_media":25289,"comment_status":"open","ping_status":"open","sticky":false,"template":"","format":"standard","meta":{"footnotes":""},"categories":[14,3],"tags":[],"class_list":["post-25288","post","type-post","status-publish","format-standard","has-post-thumbnail","hentry","category-destacadas","category-gobierno-del-estado-de-michoacan"],"_links":{"self":[{"href":"https:\/\/radiowebmx.com\/nota\/wp-json\/wp\/v2\/posts\/25288","targetHints":{"allow":["GET"]}}],"collection":[{"href":"https:\/\/radiowebmx.com\/nota\/wp-json\/wp\/v2\/posts"}],"about":[{"href":"https:\/\/radiowebmx.com\/nota\/wp-json\/wp\/v2\/types\/post"}],"author":[{"embeddable":true,"href":"https:\/\/radiowebmx.com\/nota\/wp-json\/wp\/v2\/users\/1"}],"replies":[{"embeddable":true,"href":"https:\/\/radiowebmx.com\/nota\/wp-json\/wp\/v2\/comments?post=25288"}],"version-history":[{"count":2,"href":"https:\/\/radiowebmx.com\/nota\/wp-json\/wp\/v2\/posts\/25288\/revisions"}],"predecessor-version":[{"id":25291,"href":"https:\/\/radiowebmx.com\/nota\/wp-json\/wp\/v2\/posts\/25288\/revisions\/25291"}],"wp:featuredmedia":[{"embeddable":true,"href":"https:\/\/radiowebmx.com\/nota\/wp-json\/wp\/v2\/media\/25289"}],"wp:attachment":[{"href":"https:\/\/radiowebmx.com\/nota\/wp-json\/wp\/v2\/media?parent=25288"}],"wp:term":[{"taxonomy":"category","embeddable":true,"href":"https:\/\/radiowebmx.com\/nota\/wp-json\/wp\/v2\/categories?post=25288"},{"taxonomy":"post_tag","embeddable":true,"href":"https:\/\/radiowebmx.com\/nota\/wp-json\/wp\/v2\/tags?post=25288"}],"curies":[{"name":"wp","href":"https:\/\/api.w.org\/{rel}","templated":true}]}}