{"id":25285,"date":"2016-08-12T13:40:59","date_gmt":"2016-08-12T18:40:59","guid":{"rendered":"https:\/\/radiowebmx.com\/nota\/?p=25285"},"modified":"2016-08-12T13:40:59","modified_gmt":"2016-08-12T18:40:59","slug":"asiste-silvano-aureoles-a-primer-informe-del-ayuntamiento-de-yurecuaro","status":"publish","type":"post","link":"https:\/\/radiowebmx.com\/nota\/asiste-silvano-aureoles-a-primer-informe-del-ayuntamiento-de-yurecuaro\/","title":{"rendered":"Asiste Silvano Aureoles a primer Informe del Ayuntamiento de Yur\u00e9cuaro"},"content":{"rendered":"<p><a href=\"https:\/\/radiowebmx.com\/nota\/wp-content\/uploads\/2016\/08\/bf854500-5fee-4bd0-98dd-fc38c0f1f7e3.jpg\"><img loading=\"lazy\" decoding=\"async\" class=\"alignleft size-full wp-image-25286\" src=\"https:\/\/radiowebmx.com\/nota\/wp-content\/uploads\/2016\/08\/bf854500-5fee-4bd0-98dd-fc38c0f1f7e3.jpg\" alt=\"bf854500-5fee-4bd0-98dd-fc38c0f1f7e3\" width=\"591\" height=\"333\" srcset=\"https:\/\/radiowebmx.com\/nota\/wp-content\/uploads\/2016\/08\/bf854500-5fee-4bd0-98dd-fc38c0f1f7e3.jpg 591w, https:\/\/radiowebmx.com\/nota\/wp-content\/uploads\/2016\/08\/bf854500-5fee-4bd0-98dd-fc38c0f1f7e3-300x169.jpg 300w, https:\/\/radiowebmx.com\/nota\/wp-content\/uploads\/2016\/08\/bf854500-5fee-4bd0-98dd-fc38c0f1f7e3-128x72.jpg 128w\" sizes=\"auto, (max-width: 591px) 100vw, 591px\" \/><\/a>Soy municipalista, me declaro abiertamente a favor del fortalecimiento de los gobiernos municipales, afirm\u00f3 el Gobernador Constitucional, Silvano Aureoles Conejo, al asistir al primer Informe de Gobierno del alcalde de Yur\u00e9cuaro, Marco Antonio Gonz\u00e1lez Jim\u00e9nez.<\/p>\n<p>El mandatario escuch\u00f3 las principales acciones y programas implementados por la administraci\u00f3n p\u00fablica municipal de esta demarcaci\u00f3n, y refrend\u00f3 su decisi\u00f3n de continuar apoyando al Ayuntamiento para impulsar el desarrollo y el bienestar de su gente.<\/p>\n<p>En este marco, Silvano Aureoles adelant\u00f3 que en pr\u00f3ximos d\u00edas iniciar\u00e1n los trabajos para rehabilitar el Centro de Salud de Yur\u00e9cuaro, as\u00ed como el de la comunidad de Montele\u00f3n, adem\u00e1s de los dos m\u00f3dulos de Prospera que se encuentran en la cabecera municipal.<\/p>\n<p>Se\u00f1al\u00f3 que ante la solicitud de la ciudadan\u00eda se iniciar\u00e1 la construcci\u00f3n del camino a Montele\u00f3n, aunado a ello, se construir\u00e1n y equipar\u00e1n dos Jardines de Ni\u00f1os, se fortalecer\u00e1n los programas sociales y en breve personal de la Comisi\u00f3n Estatal de Agua y Gesti\u00f3n de Cuencas acudir\u00e1 al municipio para revisar el proyecto de la planta tratadora de agua.<\/p>\n<p>El mandatario felicit\u00f3 al edil y a quienes integran su administraci\u00f3n por el trabajo desarrollado en este primer a\u00f1o de labores, al referir que en estos tiempos ejercer un cargo p\u00fablico y gobernar no es un asunto sencillo, ya que los retos son muy grandes y las limitaciones presupuestales son muy altas, pero sostuvo que cuando hay vocaci\u00f3n de servicio y compromiso se logra dar respuesta a la gente.<\/p>\n<p>Apunt\u00f3 que de cada peso que se recauda, los ayuntamientos son los que reciben la menor parte, y \u00e9stos tienen que hacer un esfuerzo muy grande para poder cumplir a la poblaci\u00f3n, y Yur\u00e9cuaro da nuestra de que es posible entregar resultados haciendo una administraci\u00f3n eficiente, transparente y evitando gastos innecesarios.<\/p>\n<p>En este sentido, subray\u00f3 la necesidad de apoyar y fortalecer a los municipios, que dijo, son la instancia m\u00e1s cercana al ciudadano, a la que primero recurren, sostuvo que ante la circunstancia econ\u00f3mica nacional e internacional compleja, se requiere hacer el mayor esfuerzo para coordinar el trabajo y con ello tener mayor capacidad de respuesta.<\/p>\n<p>Aureoles Conejo enfatiz\u00f3 en la sinergia que se ha logrado entre los tres \u00f3rdenes de gobierno e invit\u00f3 al alcalde para que contin\u00fae en esa din\u00e1mica y para que aproveche los distintos programas sociales que la administraci\u00f3n estatal ha puesto en marcha como: S\u00ed Alimenta, Palabra de Mujer y Avanza DIFerente.<\/p>\n<p>As\u00ed como Beca Futuro, que precis\u00f3 que ya est\u00e1 por iniciar la convocatoria para el pr\u00f3ximo ciclo escolar, y se prev\u00e9 cerrar el a\u00f1o con m\u00e1s de 60 mil estudiantes beneficiados, porque asegur\u00f3 que lo que se haga en favor de la juventud es una inversi\u00f3n, no un gasto.<\/p>\n<p>El mandatario manifest\u00f3 su convicci\u00f3n de seguir acompa\u00f1ado el esfuerzo de la administraci\u00f3n municipal; en tanto, felicit\u00f3 los resultados en materia de seguridad, rubro en el que reiter\u00f3 su compromiso, por lo que se continuar\u00e1 capacitando a los cuerpos policiales y apoyando con equipo para que sigan dando resultados en este rengl\u00f3n.<\/p>\n<p>Por su parte, el alcalde de Yur\u00e9cuaro, Marco Antonio Gonz\u00e1lez, agradeci\u00f3 el respaldo y el inter\u00e9s del Gobernador Silvano Aureoles de apoyar a esta demarcaci\u00f3n, se\u00f1al\u00f3 que su administraci\u00f3n est\u00e1 enfocando todo su esfuerzo y trabajo en reconstruir el municipio, como un gobierno incluyente y socialmente responsable.<\/p>\n","protected":false},"excerpt":{"rendered":"<p>Soy municipalista, me declaro abiertamente a favor del fortalecimiento de los gobiernos municipales, afirm\u00f3 el Gobernador Constitucional, Silvano Aureoles Conejo, al asistir al primer Informe de Gobierno del alcalde de Yur\u00e9cuaro, Marco Antonio Gonz\u00e1lez Jim\u00e9nez.<\/p>\n","protected":false},"author":1,"featured_media":25286,"comment_status":"open","ping_status":"open","sticky":false,"template":"","format":"standard","meta":{"footnotes":""},"categories":[14,3],"tags":[],"class_list":["post-25285","post","type-post","status-publish","format-standard","has-post-thumbnail","hentry","category-destacadas","category-gobierno-del-estado-de-michoacan"],"_links":{"self":[{"href":"https:\/\/radiowebmx.com\/nota\/wp-json\/wp\/v2\/posts\/25285","targetHints":{"allow":["GET"]}}],"collection":[{"href":"https:\/\/radiowebmx.com\/nota\/wp-json\/wp\/v2\/posts"}],"about":[{"href":"https:\/\/radiowebmx.com\/nota\/wp-json\/wp\/v2\/types\/post"}],"author":[{"embeddable":true,"href":"https:\/\/radiowebmx.com\/nota\/wp-json\/wp\/v2\/users\/1"}],"replies":[{"embeddable":true,"href":"https:\/\/radiowebmx.com\/nota\/wp-json\/wp\/v2\/comments?post=25285"}],"version-history":[{"count":1,"href":"https:\/\/radiowebmx.com\/nota\/wp-json\/wp\/v2\/posts\/25285\/revisions"}],"predecessor-version":[{"id":25287,"href":"https:\/\/radiowebmx.com\/nota\/wp-json\/wp\/v2\/posts\/25285\/revisions\/25287"}],"wp:featuredmedia":[{"embeddable":true,"href":"https:\/\/radiowebmx.com\/nota\/wp-json\/wp\/v2\/media\/25286"}],"wp:attachment":[{"href":"https:\/\/radiowebmx.com\/nota\/wp-json\/wp\/v2\/media?parent=25285"}],"wp:term":[{"taxonomy":"category","embeddable":true,"href":"https:\/\/radiowebmx.com\/nota\/wp-json\/wp\/v2\/categories?post=25285"},{"taxonomy":"post_tag","embeddable":true,"href":"https:\/\/radiowebmx.com\/nota\/wp-json\/wp\/v2\/tags?post=25285"}],"curies":[{"name":"wp","href":"https:\/\/api.w.org\/{rel}","templated":true}]}}