{"id":25278,"date":"2016-08-11T15:12:39","date_gmt":"2016-08-11T20:12:39","guid":{"rendered":"https:\/\/radiowebmx.com\/nota\/?p=25278"},"modified":"2016-08-11T15:12:39","modified_gmt":"2016-08-11T20:12:39","slug":"firman-convenios-en-beneficio-de-la-comunidad-utm","status":"publish","type":"post","link":"https:\/\/radiowebmx.com\/nota\/firman-convenios-en-beneficio-de-la-comunidad-utm\/","title":{"rendered":"Firman convenios en beneficio de la Comunidad UTM"},"content":{"rendered":"<p><a href=\"https:\/\/radiowebmx.com\/nota\/wp-content\/uploads\/2016\/08\/bf59468b-8bf5-4345-b374-492561d7b951.jpg\"><img loading=\"lazy\" decoding=\"async\" class=\"alignleft size-full wp-image-25279\" src=\"https:\/\/radiowebmx.com\/nota\/wp-content\/uploads\/2016\/08\/bf59468b-8bf5-4345-b374-492561d7b951.jpg\" alt=\"bf59468b-8bf5-4345-b374-492561d7b951\" width=\"591\" height=\"348\" srcset=\"https:\/\/radiowebmx.com\/nota\/wp-content\/uploads\/2016\/08\/bf59468b-8bf5-4345-b374-492561d7b951.jpg 591w, https:\/\/radiowebmx.com\/nota\/wp-content\/uploads\/2016\/08\/bf59468b-8bf5-4345-b374-492561d7b951-300x177.jpg 300w\" sizes=\"auto, (max-width: 591px) 100vw, 591px\" \/><\/a>Con el objetivo de sumar esfuerzos con el sector productivo de la regi\u00f3n, la Universidad Tecnol\u00f3gica de Morelia (UTM), contin\u00faa estableciendo convenios de colaboraci\u00f3n que abonen al crecimiento de sus estudiantes y personal acad\u00e9mico.<\/p>\n<p>Recientemente se firm\u00f3 el convenio con dos empresas: Sustentabilidad Energ\u00e9tica Mexicana (SEM), cuyos objetivos son el desarrollo y asesor\u00eda de proyectos en materia de energ\u00eda renovable, as\u00ed como el desarrollo e implementaci\u00f3n de proyectos fotovoltaicos para la generaci\u00f3n de electricidad; y con Itonaly, la cual trabaja tres \u00e1reas, que son energ\u00edas renovables, manufactura y proyectos agroindustriales.<\/p>\n<p>\u201cEstos convenios buscan promover la realizaci\u00f3n de proyectos conjuntos en materia de ciencia, tecnolog\u00eda, innovaci\u00f3n y divulgaci\u00f3n; adem\u00e1s de conferencias, mesas redondas, seminarios con la finalidad de difundir programas acad\u00e9micos y cient\u00edficos\u201d, as\u00ed lo extern\u00f3 el rector de esta casa de estudios, Jos\u00e9 Hern\u00e1ndez Arreola.<\/p>\n<p>Hern\u00e1ndez Arreola record\u00f3 que estos convenios no deben quedarse en el tintero o papel, sino traer a corto plazo beneficios para ambas partes y que los proyectos por parte de los cuerpos acad\u00e9micos de la UTM puedan ir de la mano con estas empresas.<\/p>\n<p>La Direcci\u00f3n de Vinculaci\u00f3n a trav\u00e9s de la Jefatura de Pr\u00e1cticas y Estad\u00edas, durante el periodo enero-agosto 2016, llev\u00f3 a cabo la firma de m\u00e1s 500 convenios que colocaron a los estudiantes para la realizaci\u00f3n de sus pr\u00e1cticas profesionales, y gracias al seguimiento que se les da, la UTM coloca al 85 por ciento de sus egresados en el sector productivo.<\/p>\n<p>Prueba de que esta alianza con el sector empresarial est\u00e1 dando resultados, la empresa SEM don\u00f3 una tarjeta de adquisici\u00f3n de datos para el inversor FRONIUS IG PLUS A 3.0-1(Sistema que mide la generaci\u00f3n de la energ\u00eda el\u00e9ctrica), que pertenece al sistema fotovoltaico y se encuentra interconectado en el edificio pesado II de la UTM; coment\u00f3 Miguel Barrag\u00e1n Bueno, profesor de la carrera de Energ\u00edas Renovables.<\/p>\n<p>El beneficio es que gracias a esta tarjeta, se podr\u00e1 monitorear el sistema fotovoltaico (ssfv) durante su funcionamiento mediante una aplicaci\u00f3n en dispositivos como son computadoras de escritorio o celulares inteligentes, ya que antes se hac\u00eda de manera manual.<\/p>\n","protected":false},"excerpt":{"rendered":"<p>Con el objetivo de sumar esfuerzos con el sector productivo de la regi\u00f3n, la UTM, contin\u00faa estableciendo convenios de colaboraci\u00f3n que abonen al crecimiento de sus estudiantes y personal acad\u00e9mico.<\/p>\n","protected":false},"author":1,"featured_media":25279,"comment_status":"open","ping_status":"open","sticky":false,"template":"","format":"standard","meta":{"footnotes":""},"categories":[14,3],"tags":[],"class_list":["post-25278","post","type-post","status-publish","format-standard","has-post-thumbnail","hentry","category-destacadas","category-gobierno-del-estado-de-michoacan"],"_links":{"self":[{"href":"https:\/\/radiowebmx.com\/nota\/wp-json\/wp\/v2\/posts\/25278","targetHints":{"allow":["GET"]}}],"collection":[{"href":"https:\/\/radiowebmx.com\/nota\/wp-json\/wp\/v2\/posts"}],"about":[{"href":"https:\/\/radiowebmx.com\/nota\/wp-json\/wp\/v2\/types\/post"}],"author":[{"embeddable":true,"href":"https:\/\/radiowebmx.com\/nota\/wp-json\/wp\/v2\/users\/1"}],"replies":[{"embeddable":true,"href":"https:\/\/radiowebmx.com\/nota\/wp-json\/wp\/v2\/comments?post=25278"}],"version-history":[{"count":1,"href":"https:\/\/radiowebmx.com\/nota\/wp-json\/wp\/v2\/posts\/25278\/revisions"}],"predecessor-version":[{"id":25280,"href":"https:\/\/radiowebmx.com\/nota\/wp-json\/wp\/v2\/posts\/25278\/revisions\/25280"}],"wp:featuredmedia":[{"embeddable":true,"href":"https:\/\/radiowebmx.com\/nota\/wp-json\/wp\/v2\/media\/25279"}],"wp:attachment":[{"href":"https:\/\/radiowebmx.com\/nota\/wp-json\/wp\/v2\/media?parent=25278"}],"wp:term":[{"taxonomy":"category","embeddable":true,"href":"https:\/\/radiowebmx.com\/nota\/wp-json\/wp\/v2\/categories?post=25278"},{"taxonomy":"post_tag","embeddable":true,"href":"https:\/\/radiowebmx.com\/nota\/wp-json\/wp\/v2\/tags?post=25278"}],"curies":[{"name":"wp","href":"https:\/\/api.w.org\/{rel}","templated":true}]}}