{"id":25275,"date":"2016-08-11T15:08:56","date_gmt":"2016-08-11T20:08:56","guid":{"rendered":"https:\/\/radiowebmx.com\/nota\/?p=25275"},"modified":"2016-08-11T15:08:56","modified_gmt":"2016-08-11T20:08:56","slug":"inauguracion-escuela-primaria-prof-j-jesus-romero-flores-en-el-campo-militar-no-43-de-coalcoman","status":"publish","type":"post","link":"https:\/\/radiowebmx.com\/nota\/inauguracion-escuela-primaria-prof-j-jesus-romero-flores-en-el-campo-militar-no-43-de-coalcoman\/","title":{"rendered":"Inauguraci\u00f3n Escuela Primaria \u201cProf.  J. Jes\u00fas Romero Flores\u201d en el Campo Militar No. 43 de Coalcom\u00e1n"},"content":{"rendered":"<p><a href=\"https:\/\/radiowebmx.com\/nota\/wp-content\/uploads\/2016\/08\/e2a53ec5-9c29-47b5-ac42-2930baf3d87b.jpg\"><img loading=\"lazy\" decoding=\"async\" class=\"alignleft size-full wp-image-25276\" src=\"https:\/\/radiowebmx.com\/nota\/wp-content\/uploads\/2016\/08\/e2a53ec5-9c29-47b5-ac42-2930baf3d87b.jpg\" alt=\"e2a53ec5-9c29-47b5-ac42-2930baf3d87b\" width=\"591\" height=\"335\" srcset=\"https:\/\/radiowebmx.com\/nota\/wp-content\/uploads\/2016\/08\/e2a53ec5-9c29-47b5-ac42-2930baf3d87b.jpg 591w, https:\/\/radiowebmx.com\/nota\/wp-content\/uploads\/2016\/08\/e2a53ec5-9c29-47b5-ac42-2930baf3d87b-300x170.jpg 300w, https:\/\/radiowebmx.com\/nota\/wp-content\/uploads\/2016\/08\/e2a53ec5-9c29-47b5-ac42-2930baf3d87b-128x72.jpg 128w\" sizes=\"auto, (max-width: 591px) 100vw, 591px\" \/><\/a>Muchas gracias, saludo con mucho gusto la presencia en Coalcom\u00e1n del se\u00f1or secretario de Educaci\u00f3n, Aurelio Nu\u00f1o, Aurelio bienvenido a Michoac\u00e1n como siempre te recibimos con mucho gusto.<\/p>\n<p>&nbsp;<\/p>\n<p>Saludar la presencia del se\u00f1or general Salvador Cienfuegos Zepeda, secretario de la Defensa Nacional, mi secretario bienvenido a Michoac\u00e1n, a estas tierras que me alegra mucho que usted siempre las recuerda por haber pasado aqu\u00ed algunos d\u00edas, meses, quiz\u00e1s a\u00f1os, en tiempos de servicio que usted tuvo la oportunidad de prestar por ac\u00e1, bienvenido mi general.<\/p>\n<p>&nbsp;<\/p>\n<p>Saludo tambi\u00e9n a los representantes de los Poderes, al se\u00f1or diputado presidente del Congreso, Raymundo Arreola, muchas gracias por su presencia; al se\u00f1or Presidente del Supremo Tribunal de Justicia de Michoac\u00e1n; as\u00ed como al se\u00f1or presidente municipal de Coalcom\u00e1n, Misael Gonz\u00e1lez Fern\u00e1ndez. Saludas a todas y todos los integrantes del pres\u00eddium. Agradecer la presencia del delegado en Michoac\u00e1n, del Sindicato Nacional de Trabajadores de la Educaci\u00f3n, gracias Joel por tu presencia, por acompa\u00f1arnos.<\/p>\n<p>&nbsp;<\/p>\n<p>Saludo a las y los invitados especiales, a las se\u00f1oras Diputadas, se\u00f1ores Diputados, se\u00f1ores Delegados, se\u00f1oras Delegadas, se\u00f1ores Presidentes Municipales de la regi\u00f3n, a los Regidores, Regidoras y dem\u00e1s servidores p\u00fablicos del municipio de Coalcom\u00e1n; as\u00ed como a compa\u00f1eras, compa\u00f1eros del Gobierno de Michoac\u00e1n.<\/p>\n<p>&nbsp;<\/p>\n<p>Saludo tambi\u00e9n con mucho respeto a los integrantes del 65 batall\u00f3n con sede en Coalcom\u00e1n, Michoac\u00e1n; a las mujeres y hombres integrantes del heroico Ej\u00e9rcito Mexicano. Destaco la presencia del se\u00f1or general Felipe Gurrola, comandante de la doceava Regi\u00f3n Militar y mando especial para la seguridad de Michoac\u00e1n, muchas gracias mi general; as\u00ed como del general Isaac Cruz Mu\u00f1oz Navarro, comandante de la zona n\u00famero 43.<\/p>\n<p>&nbsp;<\/p>\n<p>A las se\u00f1oras y se\u00f1ores de los medios de comunicaci\u00f3n, y a las ni\u00f1as, los ni\u00f1os, pap\u00e1s, mam\u00e1s que hoy est\u00e1n presentes en este importante acto.<\/p>\n<p>&nbsp;<\/p>\n<p>Hace casi un siglo, don Jos\u00e9 Vasconcelos, el gran Maestro de Am\u00e9rica, escribi\u00f3 una breve sentencia que hasta nuestros d\u00edas se mantiene vigente:<\/p>\n<p>&nbsp;<\/p>\n<p>&#8220;El fin capital de la educaci\u00f3n&#8221; -dijo- &#8220;es formar hombres capaces de bastarse a s\u00ed mismos y de emplear su energ\u00eda restante en el bien de los dem\u00e1s\u2026&#8221;<\/p>\n<p>&nbsp;<\/p>\n<p>Con toda claridad, el maestro Vasconcelos resumi\u00f3 en pocas palabras los alcances que debe perseguir nuestro modelo educativo: formar ciudadanas y ciudadanos completos, arm\u00f3nicos &#8211; tanto intelectual como f\u00edsicamente-; responsables, capacitados y determinados para progresar en la vida.<\/p>\n","protected":false},"excerpt":{"rendered":"<p>Muchas gracias, saludo con mucho gusto la presencia en Coalcom\u00e1n del se\u00f1or secretario de Educaci\u00f3n, Aurelio Nu\u00f1o, Aurelio bienvenido a Michoac\u00e1n como siempre te recibimos con mucho gusto.<\/p>\n","protected":false},"author":1,"featured_media":25276,"comment_status":"open","ping_status":"open","sticky":false,"template":"","format":"standard","meta":{"footnotes":""},"categories":[14,3],"tags":[],"class_list":["post-25275","post","type-post","status-publish","format-standard","has-post-thumbnail","hentry","category-destacadas","category-gobierno-del-estado-de-michoacan"],"_links":{"self":[{"href":"https:\/\/radiowebmx.com\/nota\/wp-json\/wp\/v2\/posts\/25275","targetHints":{"allow":["GET"]}}],"collection":[{"href":"https:\/\/radiowebmx.com\/nota\/wp-json\/wp\/v2\/posts"}],"about":[{"href":"https:\/\/radiowebmx.com\/nota\/wp-json\/wp\/v2\/types\/post"}],"author":[{"embeddable":true,"href":"https:\/\/radiowebmx.com\/nota\/wp-json\/wp\/v2\/users\/1"}],"replies":[{"embeddable":true,"href":"https:\/\/radiowebmx.com\/nota\/wp-json\/wp\/v2\/comments?post=25275"}],"version-history":[{"count":1,"href":"https:\/\/radiowebmx.com\/nota\/wp-json\/wp\/v2\/posts\/25275\/revisions"}],"predecessor-version":[{"id":25277,"href":"https:\/\/radiowebmx.com\/nota\/wp-json\/wp\/v2\/posts\/25275\/revisions\/25277"}],"wp:featuredmedia":[{"embeddable":true,"href":"https:\/\/radiowebmx.com\/nota\/wp-json\/wp\/v2\/media\/25276"}],"wp:attachment":[{"href":"https:\/\/radiowebmx.com\/nota\/wp-json\/wp\/v2\/media?parent=25275"}],"wp:term":[{"taxonomy":"category","embeddable":true,"href":"https:\/\/radiowebmx.com\/nota\/wp-json\/wp\/v2\/categories?post=25275"},{"taxonomy":"post_tag","embeddable":true,"href":"https:\/\/radiowebmx.com\/nota\/wp-json\/wp\/v2\/tags?post=25275"}],"curies":[{"name":"wp","href":"https:\/\/api.w.org\/{rel}","templated":true}]}}