{"id":25269,"date":"2016-08-11T15:03:45","date_gmt":"2016-08-11T20:03:45","guid":{"rendered":"https:\/\/radiowebmx.com\/nota\/?p=25269"},"modified":"2016-08-11T15:03:45","modified_gmt":"2016-08-11T20:03:45","slug":"signa-convenio-de-colaboracion-conalepmich-y-universidad-del-golfo","status":"publish","type":"post","link":"https:\/\/radiowebmx.com\/nota\/signa-convenio-de-colaboracion-conalepmich-y-universidad-del-golfo\/","title":{"rendered":"Signa Convenio de Colaboraci\u00f3n  CONALEPMICH y Universidad del Golfo"},"content":{"rendered":"<p><a href=\"https:\/\/radiowebmx.com\/nota\/wp-content\/uploads\/2016\/08\/23dbf319-0429-4387-93dc-1c2e6da34175-1.jpg\"><img loading=\"lazy\" decoding=\"async\" class=\"alignleft size-full wp-image-25270\" src=\"https:\/\/radiowebmx.com\/nota\/wp-content\/uploads\/2016\/08\/23dbf319-0429-4387-93dc-1c2e6da34175-1.jpg\" alt=\"23dbf319-0429-4387-93dc-1c2e6da34175 (1)\" width=\"552\" height=\"310\" srcset=\"https:\/\/radiowebmx.com\/nota\/wp-content\/uploads\/2016\/08\/23dbf319-0429-4387-93dc-1c2e6da34175-1.jpg 552w, https:\/\/radiowebmx.com\/nota\/wp-content\/uploads\/2016\/08\/23dbf319-0429-4387-93dc-1c2e6da34175-1-300x168.jpg 300w, https:\/\/radiowebmx.com\/nota\/wp-content\/uploads\/2016\/08\/23dbf319-0429-4387-93dc-1c2e6da34175-1-284x158.jpg 284w, https:\/\/radiowebmx.com\/nota\/wp-content\/uploads\/2016\/08\/23dbf319-0429-4387-93dc-1c2e6da34175-1-128x72.jpg 128w\" sizes=\"auto, (max-width: 552px) 100vw, 552px\" \/><\/a>En beneficio de estudiantes egresados, personal administrativo y docente del Colegio de Educaci\u00f3n Profesional T\u00e9cnica del Estado de Michoac\u00e1n, se sign\u00f3 un convenio de colaboraci\u00f3n con la Universidad\u00a0 del Golfo, campus Morelia.<\/p>\n<p>Dicho acuerdo contempla que los alumnos que concluyan sus carreras t\u00e9cnicas en el CONALEPMICH, podr\u00e1n cursar alguna de las licenciaturas en la universidad\u00a0 con el beneficio que se obtiene del porcentaje de beca. De igual manera personal docente y administrativo podr\u00e1n consultar las licenciaturas y maestr\u00edas con las que cuenta la instituci\u00f3n de nivel superior, a los interesados se les aplicar\u00e1 descuentos\u00a0 desde un 20 por ciento en las colegiaturas correspondientes.<\/p>\n<p>La directora del Colegio de Educaci\u00f3n Profesional T\u00e9cnica del Estado de Michoac\u00e1n, Minerva Bautista G\u00f3mez\u00a0 destac\u00f3 la importancia de buscar v\u00ednculos con diversas instituciones educativas\u00a0 y contar con una diversidad de opciones para que los j\u00f3venes egresados\u00a0 contin\u00faen sus estudios.<\/p>\n<p>Mientras que para el personal administrativo y docente es una oportunidad de actualizaci\u00f3n acad\u00e9mica que se reflejar\u00e1 en los alumnos, coment\u00f3 la funcionaria estatal.<\/p>\n","protected":false},"excerpt":{"rendered":"<p>En beneficio de estudiantes egresados, personal administrativo y docente del Colegio de Educaci\u00f3n Profesional T\u00e9cnica del Estado de Michoac\u00e1n, se sign\u00f3 un convenio de colaboraci\u00f3n con la Universidad  del Golfo, campus Morelia.<\/p>\n","protected":false},"author":1,"featured_media":25270,"comment_status":"open","ping_status":"open","sticky":false,"template":"","format":"standard","meta":{"footnotes":""},"categories":[14,3],"tags":[],"class_list":["post-25269","post","type-post","status-publish","format-standard","has-post-thumbnail","hentry","category-destacadas","category-gobierno-del-estado-de-michoacan"],"_links":{"self":[{"href":"https:\/\/radiowebmx.com\/nota\/wp-json\/wp\/v2\/posts\/25269","targetHints":{"allow":["GET"]}}],"collection":[{"href":"https:\/\/radiowebmx.com\/nota\/wp-json\/wp\/v2\/posts"}],"about":[{"href":"https:\/\/radiowebmx.com\/nota\/wp-json\/wp\/v2\/types\/post"}],"author":[{"embeddable":true,"href":"https:\/\/radiowebmx.com\/nota\/wp-json\/wp\/v2\/users\/1"}],"replies":[{"embeddable":true,"href":"https:\/\/radiowebmx.com\/nota\/wp-json\/wp\/v2\/comments?post=25269"}],"version-history":[{"count":1,"href":"https:\/\/radiowebmx.com\/nota\/wp-json\/wp\/v2\/posts\/25269\/revisions"}],"predecessor-version":[{"id":25271,"href":"https:\/\/radiowebmx.com\/nota\/wp-json\/wp\/v2\/posts\/25269\/revisions\/25271"}],"wp:featuredmedia":[{"embeddable":true,"href":"https:\/\/radiowebmx.com\/nota\/wp-json\/wp\/v2\/media\/25270"}],"wp:attachment":[{"href":"https:\/\/radiowebmx.com\/nota\/wp-json\/wp\/v2\/media?parent=25269"}],"wp:term":[{"taxonomy":"category","embeddable":true,"href":"https:\/\/radiowebmx.com\/nota\/wp-json\/wp\/v2\/categories?post=25269"},{"taxonomy":"post_tag","embeddable":true,"href":"https:\/\/radiowebmx.com\/nota\/wp-json\/wp\/v2\/tags?post=25269"}],"curies":[{"name":"wp","href":"https:\/\/api.w.org\/{rel}","templated":true}]}}