{"id":25249,"date":"2016-08-10T11:52:54","date_gmt":"2016-08-10T16:52:54","guid":{"rendered":"https:\/\/radiowebmx.com\/nota\/?p=25249"},"modified":"2016-08-10T11:52:54","modified_gmt":"2016-08-10T16:52:54","slug":"liberan-crias-de-pescado-blanco-en-lago-de-patzcuaro","status":"publish","type":"post","link":"https:\/\/radiowebmx.com\/nota\/liberan-crias-de-pescado-blanco-en-lago-de-patzcuaro\/","title":{"rendered":"Liberan cr\u00edas de Pescado Blanco en Lago de P\u00e1tzcuaro"},"content":{"rendered":"<p><a href=\"https:\/\/radiowebmx.com\/nota\/wp-content\/uploads\/2016\/08\/8cee9135-6a54-4d1f-9dc3-c5684829fcab.jpg\"><img loading=\"lazy\" decoding=\"async\" class=\"alignleft size-full wp-image-25250\" src=\"https:\/\/radiowebmx.com\/nota\/wp-content\/uploads\/2016\/08\/8cee9135-6a54-4d1f-9dc3-c5684829fcab.jpg\" alt=\"8cee9135-6a54-4d1f-9dc3-c5684829fcab\" width=\"591\" height=\"352\" srcset=\"https:\/\/radiowebmx.com\/nota\/wp-content\/uploads\/2016\/08\/8cee9135-6a54-4d1f-9dc3-c5684829fcab.jpg 591w, https:\/\/radiowebmx.com\/nota\/wp-content\/uploads\/2016\/08\/8cee9135-6a54-4d1f-9dc3-c5684829fcab-300x179.jpg 300w\" sizes=\"auto, (max-width: 591px) 100vw, 591px\" \/><\/a>Cumpliendo con el compromiso del Gobernador Constitucional, Silvano Aureoles Conejo y de acuerdo al Programa de la Reserva Ecol\u00f3gica del Pescado Blanco y Ac\u00famara, la Comisi\u00f3n de Pesca del Estado (Compesca) realiz\u00f3 la liberaci\u00f3n de 9 mil cr\u00edas de Pescado Blanco en el Lago de P\u00e1tzcuaro.<\/p>\n<p>Est\u00e1s actividades tienen como objetivo repoblar el Lago de P\u00e1tzcuaro para contribuir en el desarrollo de la pesca de esta especie, y as\u00ed beneficiar directamente la econom\u00eda de las familias que dependen de esta actividad.<\/p>\n<p>Larisa M\u00e9ndez B\u00e9jar, titular de la Compesca, explic\u00f3 que se vienen realizando actividades en conjunto con otras dependencias del sector y en acuerdo con las y los pescadores, a fin de fortalecer el rubro.<\/p>\n<p>Durante la liberaci\u00f3n de cr\u00edas tambi\u00e9n se cont\u00f3 con la presencia del jefe de Proyecto \u201cControl de Malezas Acu\u00e1ticas y Rescate de Especies Emblem\u00e1ticas del Lago de P\u00e1tzcuaro\u201d, del Instituto Mexicano de Tecnolog\u00eda del Agua (IMTA), Jos\u00e9 Javier S\u00e1nchez Ch\u00e1vez; el jefe de Tenencia de Urand\u00e9n de Morelos, Antonio Morales Cortez; el gerente de CESAMICH A.C., Jos\u00e9 Luis Contreras \u00c1vila y personal de la Comisi\u00f3n de Pesca del Estado.<\/p>\n","protected":false},"excerpt":{"rendered":"<p>Cumpliendo con el compromiso del Gobernador Constitucional, Silvano Aureoles Conejo y de acuerdo al Programa de la Reserva Ecol\u00f3gica del Pescado Blanco y Ac\u00famara, la Compesca realiz\u00f3 la liberaci\u00f3n de 9 mil cr\u00edas de Pescado Blanco en el Lago de P\u00e1tzcuaro.<\/p>\n","protected":false},"author":1,"featured_media":25250,"comment_status":"open","ping_status":"open","sticky":false,"template":"","format":"standard","meta":{"footnotes":""},"categories":[14,3],"tags":[],"class_list":["post-25249","post","type-post","status-publish","format-standard","has-post-thumbnail","hentry","category-destacadas","category-gobierno-del-estado-de-michoacan"],"_links":{"self":[{"href":"https:\/\/radiowebmx.com\/nota\/wp-json\/wp\/v2\/posts\/25249","targetHints":{"allow":["GET"]}}],"collection":[{"href":"https:\/\/radiowebmx.com\/nota\/wp-json\/wp\/v2\/posts"}],"about":[{"href":"https:\/\/radiowebmx.com\/nota\/wp-json\/wp\/v2\/types\/post"}],"author":[{"embeddable":true,"href":"https:\/\/radiowebmx.com\/nota\/wp-json\/wp\/v2\/users\/1"}],"replies":[{"embeddable":true,"href":"https:\/\/radiowebmx.com\/nota\/wp-json\/wp\/v2\/comments?post=25249"}],"version-history":[{"count":1,"href":"https:\/\/radiowebmx.com\/nota\/wp-json\/wp\/v2\/posts\/25249\/revisions"}],"predecessor-version":[{"id":25251,"href":"https:\/\/radiowebmx.com\/nota\/wp-json\/wp\/v2\/posts\/25249\/revisions\/25251"}],"wp:featuredmedia":[{"embeddable":true,"href":"https:\/\/radiowebmx.com\/nota\/wp-json\/wp\/v2\/media\/25250"}],"wp:attachment":[{"href":"https:\/\/radiowebmx.com\/nota\/wp-json\/wp\/v2\/media?parent=25249"}],"wp:term":[{"taxonomy":"category","embeddable":true,"href":"https:\/\/radiowebmx.com\/nota\/wp-json\/wp\/v2\/categories?post=25249"},{"taxonomy":"post_tag","embeddable":true,"href":"https:\/\/radiowebmx.com\/nota\/wp-json\/wp\/v2\/tags?post=25249"}],"curies":[{"name":"wp","href":"https:\/\/api.w.org\/{rel}","templated":true}]}}