{"id":25246,"date":"2016-08-10T11:49:50","date_gmt":"2016-08-10T16:49:50","guid":{"rendered":"https:\/\/radiowebmx.com\/nota\/?p=25246"},"modified":"2016-08-10T11:49:50","modified_gmt":"2016-08-10T16:49:50","slug":"realiza-cecytem-primera-reunion-de-directores-para-el-ciclo-escolar-2016-2017","status":"publish","type":"post","link":"https:\/\/radiowebmx.com\/nota\/realiza-cecytem-primera-reunion-de-directores-para-el-ciclo-escolar-2016-2017\/","title":{"rendered":"Realiza CECyTEM Primera Reuni\u00f3n de Directores para el ciclo escolar 2016 -2017"},"content":{"rendered":"<p><a href=\"https:\/\/radiowebmx.com\/nota\/wp-content\/uploads\/2016\/08\/f06ef611-28fe-49e9-b3ba-b498e3929fbc.jpg\"><img loading=\"lazy\" decoding=\"async\" class=\"alignleft size-full wp-image-25247\" src=\"https:\/\/radiowebmx.com\/nota\/wp-content\/uploads\/2016\/08\/f06ef611-28fe-49e9-b3ba-b498e3929fbc.jpg\" alt=\"f06ef611-28fe-49e9-b3ba-b498e3929fbc\" width=\"591\" height=\"347\" srcset=\"https:\/\/radiowebmx.com\/nota\/wp-content\/uploads\/2016\/08\/f06ef611-28fe-49e9-b3ba-b498e3929fbc.jpg 591w, https:\/\/radiowebmx.com\/nota\/wp-content\/uploads\/2016\/08\/f06ef611-28fe-49e9-b3ba-b498e3929fbc-300x176.jpg 300w\" sizes=\"auto, (max-width: 591px) 100vw, 591px\" \/><\/a>Con la participaci\u00f3n de los 34 directores de planteles escolarizados del Colegio de Estudios Cient\u00edficos y Tecnol\u00f3gicos del Estado de Michoac\u00e1n (CECyTEM), se realiz\u00f3 la primera reuni\u00f3n del ciclo escolar 2016-2017, con la finalidad de organizar los trabajos acad\u00e9micos, administrativos, de planeaci\u00f3n, inform\u00e1tica y de vinculaci\u00f3n de los planteles escolarizados para el presente periodo.<\/p>\n<p>La directora general del CECyTEM, Carmen Escobedo P\u00e9rez, resalt\u00f3 la participaci\u00f3n y dedicaci\u00f3n de los directores en la atenci\u00f3n a las y los alumnos durante el pasado ciclo escolar, al tiempo que afirm\u00f3 que se iniciar\u00e1 este nuevo periodo con j\u00f3venes que conf\u00edan en la instituci\u00f3n, \u201cofreceremos educaci\u00f3n de calidad como lo ha pedido el Gobernador Silvano Aureoles Conejo, en el subsistema actualmente vamos avanzando en la inversi\u00f3n en infraestructura y equipamiento para la mayor\u00eda de nuestros 93 planteles en 54 municipios en la geograf\u00eda estatal\u201d, dijo.<\/p>\n<p>La funcionaria estatal felicit\u00f3 a los directores escolarizados, porque desde sus planteles han aportado para que el CECyTEM siga siendo una alternativa viable para que los j\u00f3venes contin\u00faen con sus estudios de nivel bachillerato en los municipios de mayor poblaci\u00f3n en Michoac\u00e1n, y cursen una de sus 20 carreras t\u00e9cnicas.\u00a0 Ante directores de planteles, Escobedo P\u00e9rez se comprometi\u00f3 a seguir gestionando los recursos econ\u00f3micos necesarios junto con el mandatario estatal Aureoles Conejo para consolidar las obras que est\u00e1n ya propuestas para su construcci\u00f3n.<\/p>\n<p>En la reuni\u00f3n de directores estuvo presente el subsecretario de Educaci\u00f3n Media Superior y Superior de la Secretar\u00eda de Educaci\u00f3n de Michoac\u00e1n, Erasmo Cadenas Calder\u00f3n, quien pidi\u00f3 a los directores presentes buscar los mecanismos para que ning\u00fan joven se quede sin estudiar su bachillerato, invitarlos a ingresar al CECyTEM, \u201cporque Michoac\u00e1n necesita de m\u00e1s y mejores j\u00f3venes preparados, por el momento es necesario mantener los indicadores positivos en el nivel medio superior en el estado\u201d, enfatiz\u00f3 el funcionario.<\/p>\n<p>Durante el encuentro y ante los directores, Carmen Escobedo present\u00f3 a Cynthia Mariana S\u00e1nchez Arias, como nueva subdirectora de Planes y Programas del CECyTEM, quien tom\u00f3 posesi\u00f3n recientemente en el cargo.<\/p>\n<p>A la reuni\u00f3n asistieron, Patricia Manr\u00edquez Zavala, directora de Educaci\u00f3n Media Superior de la SEE y V\u00edctor Manuel Lara Vidales, subdirector de Gobernaci\u00f3n del Gobierno de Michoac\u00e1n. As\u00ed como Teresa Ocampo Barrueta, subdirectora de Centros de Educaci\u00f3n Media Superior a Distancia (CEMSAD); Norma Ang\u00e9lica Flores Carrazco, directora Acad\u00e9mica; Julio Nava N\u00fa\u00f1ez, director de Inform\u00e1tica; Sigifredo G\u00f3mez Anaya, director de Planeaci\u00f3n; Ver\u00f3nica Garc\u00eda Dom\u00ednguez, delegada Administrativa y Rafael D\u00edaz Gil, director de Vinculaci\u00f3n.<\/p>\n","protected":false},"excerpt":{"rendered":"<p>Con la participaci\u00f3n de los 34 directores de planteles escolarizados del CECyTEM, se realiz\u00f3 la primera reuni\u00f3n del ciclo escolar 2016-2017, <\/p>\n","protected":false},"author":1,"featured_media":25247,"comment_status":"open","ping_status":"open","sticky":false,"template":"","format":"standard","meta":{"footnotes":""},"categories":[14,3],"tags":[],"class_list":["post-25246","post","type-post","status-publish","format-standard","has-post-thumbnail","hentry","category-destacadas","category-gobierno-del-estado-de-michoacan"],"_links":{"self":[{"href":"https:\/\/radiowebmx.com\/nota\/wp-json\/wp\/v2\/posts\/25246","targetHints":{"allow":["GET"]}}],"collection":[{"href":"https:\/\/radiowebmx.com\/nota\/wp-json\/wp\/v2\/posts"}],"about":[{"href":"https:\/\/radiowebmx.com\/nota\/wp-json\/wp\/v2\/types\/post"}],"author":[{"embeddable":true,"href":"https:\/\/radiowebmx.com\/nota\/wp-json\/wp\/v2\/users\/1"}],"replies":[{"embeddable":true,"href":"https:\/\/radiowebmx.com\/nota\/wp-json\/wp\/v2\/comments?post=25246"}],"version-history":[{"count":1,"href":"https:\/\/radiowebmx.com\/nota\/wp-json\/wp\/v2\/posts\/25246\/revisions"}],"predecessor-version":[{"id":25248,"href":"https:\/\/radiowebmx.com\/nota\/wp-json\/wp\/v2\/posts\/25246\/revisions\/25248"}],"wp:featuredmedia":[{"embeddable":true,"href":"https:\/\/radiowebmx.com\/nota\/wp-json\/wp\/v2\/media\/25247"}],"wp:attachment":[{"href":"https:\/\/radiowebmx.com\/nota\/wp-json\/wp\/v2\/media?parent=25246"}],"wp:term":[{"taxonomy":"category","embeddable":true,"href":"https:\/\/radiowebmx.com\/nota\/wp-json\/wp\/v2\/categories?post=25246"},{"taxonomy":"post_tag","embeddable":true,"href":"https:\/\/radiowebmx.com\/nota\/wp-json\/wp\/v2\/tags?post=25246"}],"curies":[{"name":"wp","href":"https:\/\/api.w.org\/{rel}","templated":true}]}}