{"id":25236,"date":"2016-08-10T11:37:35","date_gmt":"2016-08-10T16:37:35","guid":{"rendered":"https:\/\/radiowebmx.com\/nota\/?p=25236"},"modified":"2016-08-10T11:37:35","modified_gmt":"2016-08-10T16:37:35","slug":"pri-michoacan-fomenta-y-promueve-eventos-culturales","status":"publish","type":"post","link":"https:\/\/radiowebmx.com\/nota\/pri-michoacan-fomenta-y-promueve-eventos-culturales\/","title":{"rendered":"PRI MICHOAC\u00c1N FOMENTA Y PROMUEVE EVENTOS CULTURALES"},"content":{"rendered":"<p class=\"x_MsoNormal\"><span lang=\"ES\"><a href=\"https:\/\/radiowebmx.com\/nota\/wp-content\/uploads\/2016\/08\/DSC_0502.jpg\"><img loading=\"lazy\" decoding=\"async\" class=\"alignleft size-full wp-image-25237\" src=\"https:\/\/radiowebmx.com\/nota\/wp-content\/uploads\/2016\/08\/DSC_0502.jpg\" alt=\"DSC_0502\" width=\"591\" height=\"311\" srcset=\"https:\/\/radiowebmx.com\/nota\/wp-content\/uploads\/2016\/08\/DSC_0502.jpg 591w, https:\/\/radiowebmx.com\/nota\/wp-content\/uploads\/2016\/08\/DSC_0502-300x158.jpg 300w\" sizes=\"auto, (max-width: 591px) 100vw, 591px\" \/><\/a>El CDE del PRI promueve y fomenta las actividades culturales como parte de su vida pol\u00edtica, es por ello que se realiz\u00f3 la presentaci\u00f3n del libro \u201cLas Fracturas del Alma\u201d del autor Alejandro Amaya Garc\u00eda.<\/span><\/p>\n<p class=\"x_MsoNormal\"><span lang=\"ES\">\u00a0<\/span><\/p>\n<p class=\"x_MsoNormal\"><span lang=\"ES\">El texto narra 32 historias de gente ordinaria con una fe extraordinaria y que a pesar de atravesar por grandes p\u00e9rdidas humanas y tragedias personales, han logrado encontrarle el sentido a sus existencias y convertirse en ejemplos de lucha y pundonor, as\u00ed lo expres\u00f3 Amaya Garc\u00eda.<\/span><\/p>\n<p class=\"x_MsoNormal\"><span lang=\"ES\">\u00a0<\/span><\/p>\n<p class=\"x_MsoNormal\"><span lang=\"ES\">El evento al que asistieron integrantes y colaboradores del CDE, as\u00ed como p\u00fablico en general, fue amenizado por la guitarra ac\u00fastica de Ra\u00fal Olmos. Tambi\u00e9n se realiz\u00f3 una exposici\u00f3n de algunas obras originales del maestro Alfredo Zalce y de una de sus alumnas, Tina D\u00edaz.<\/span><\/p>\n<p class=\"x_MsoNormal\"><span lang=\"ES\">\u00a0<\/span><\/p>\n<p class=\"x_MsoNormal\"><span lang=\"ES\">Para el presidente del partido, V\u00edctor Manuel Silva Tejeda, en esta nueva etapa de la dirigencia, es una de las prioridades acrecentar la vida cultural del instituto pol\u00edtico, fomentando y realizando este tipo de eventos. Ya que la cultura es eje fundamental para cambiar las situaciones de violencia que se viven en el estado, considera el l\u00edder priista.<\/span><\/p>\n<p>&nbsp;<\/p>\n","protected":false},"excerpt":{"rendered":"<p>El CDE del PRI promueve y fomenta las actividades culturales como parte de su vida pol\u00edtica, es por ello que se realiz\u00f3 la presentaci\u00f3n del libro \u201cLas Fracturas del Alma\u201d del autor Alejandro Amaya Garc\u00eda.<\/p>\n","protected":false},"author":1,"featured_media":25237,"comment_status":"open","ping_status":"open","sticky":false,"template":"","format":"standard","meta":{"footnotes":""},"categories":[14,11,12],"tags":[],"class_list":["post-25236","post","type-post","status-publish","format-standard","has-post-thumbnail","hentry","category-destacadas","category-partidos-politicos","category-pri"],"_links":{"self":[{"href":"https:\/\/radiowebmx.com\/nota\/wp-json\/wp\/v2\/posts\/25236","targetHints":{"allow":["GET"]}}],"collection":[{"href":"https:\/\/radiowebmx.com\/nota\/wp-json\/wp\/v2\/posts"}],"about":[{"href":"https:\/\/radiowebmx.com\/nota\/wp-json\/wp\/v2\/types\/post"}],"author":[{"embeddable":true,"href":"https:\/\/radiowebmx.com\/nota\/wp-json\/wp\/v2\/users\/1"}],"replies":[{"embeddable":true,"href":"https:\/\/radiowebmx.com\/nota\/wp-json\/wp\/v2\/comments?post=25236"}],"version-history":[{"count":1,"href":"https:\/\/radiowebmx.com\/nota\/wp-json\/wp\/v2\/posts\/25236\/revisions"}],"predecessor-version":[{"id":25238,"href":"https:\/\/radiowebmx.com\/nota\/wp-json\/wp\/v2\/posts\/25236\/revisions\/25238"}],"wp:featuredmedia":[{"embeddable":true,"href":"https:\/\/radiowebmx.com\/nota\/wp-json\/wp\/v2\/media\/25237"}],"wp:attachment":[{"href":"https:\/\/radiowebmx.com\/nota\/wp-json\/wp\/v2\/media?parent=25236"}],"wp:term":[{"taxonomy":"category","embeddable":true,"href":"https:\/\/radiowebmx.com\/nota\/wp-json\/wp\/v2\/categories?post=25236"},{"taxonomy":"post_tag","embeddable":true,"href":"https:\/\/radiowebmx.com\/nota\/wp-json\/wp\/v2\/tags?post=25236"}],"curies":[{"name":"wp","href":"https:\/\/api.w.org\/{rel}","templated":true}]}}