{"id":25224,"date":"2016-08-09T17:18:53","date_gmt":"2016-08-09T22:18:53","guid":{"rendered":"https:\/\/radiowebmx.com\/nota\/?p=25224"},"modified":"2016-08-09T17:18:53","modified_gmt":"2016-08-09T22:18:53","slug":"cientificos-de-nivel-internacional-imparten-taller-de-genetica-molecular-a-jovenes-michoacanos","status":"publish","type":"post","link":"https:\/\/radiowebmx.com\/nota\/cientificos-de-nivel-internacional-imparten-taller-de-genetica-molecular-a-jovenes-michoacanos\/","title":{"rendered":"Cient\u00edficos de nivel internacional imparten Taller de Gen\u00e9tica Molecular a j\u00f3venes michoacanos"},"content":{"rendered":"<p><a href=\"https:\/\/radiowebmx.com\/nota\/wp-content\/uploads\/2016\/08\/6a596bcc-513a-4cf8-9950-d88d97e308e8-1.jpg\"><img loading=\"lazy\" decoding=\"async\" class=\"alignleft size-full wp-image-25225\" src=\"https:\/\/radiowebmx.com\/nota\/wp-content\/uploads\/2016\/08\/6a596bcc-513a-4cf8-9950-d88d97e308e8-1.jpg\" alt=\"6a596bcc-513a-4cf8-9950-d88d97e308e8 (1)\" width=\"591\" height=\"331\" srcset=\"https:\/\/radiowebmx.com\/nota\/wp-content\/uploads\/2016\/08\/6a596bcc-513a-4cf8-9950-d88d97e308e8-1.jpg 591w, https:\/\/radiowebmx.com\/nota\/wp-content\/uploads\/2016\/08\/6a596bcc-513a-4cf8-9950-d88d97e308e8-1-300x168.jpg 300w, https:\/\/radiowebmx.com\/nota\/wp-content\/uploads\/2016\/08\/6a596bcc-513a-4cf8-9950-d88d97e308e8-1-284x158.jpg 284w, https:\/\/radiowebmx.com\/nota\/wp-content\/uploads\/2016\/08\/6a596bcc-513a-4cf8-9950-d88d97e308e8-1-128x72.jpg 128w\" sizes=\"auto, (max-width: 591px) 100vw, 591px\" \/><\/a>La Secretar\u00eda de Innovaci\u00f3n, Ciencia y Desarrollo Tecnol\u00f3gico (SICDET), apoyar\u00e1 un proyecto de divulgaci\u00f3n de la ciencia dirigido principalmente a ni\u00f1as y ni\u00f1os de escasos recursos, en el aprendizaje de \u00e1reas como la biolog\u00eda molecular. Se trata de una iniciativa emprendida por la empresa ADN establecida en Morelia y que contar\u00e1 con el respaldo cient\u00edfico de ocho Premios Nobel, un hecho sin precedente en el pa\u00eds.<\/p>\n<p>El titular de la SICDET, Jos\u00e9 Luis Monta\u00f1ez Espinosa; el coordinador de Ganader\u00eda de la Sagarpa, Francisco Gurr\u00eda Trevi\u00f1o; el cient\u00edfico David Micklos, de los laboratorios CSH DNA LC y el investigador Manuel Rey, del laboratorio mexicano Central ADN, as\u00ed como el empresario moreliano Alonso G\u00f3mez S\u00e1nz, coincidieron en la importancia de impulsar la investigaci\u00f3n y el estudio de la ciencia desde las nuevas generaciones porque desde ah\u00ed es donde surgen realmente los cambios que transforman a las sociedades.<\/p>\n<p>Actualmente, un grupo de j\u00f3venes participa en el taller que se imparte en las instalaciones del Centro de Innovaci\u00f3n y Desarrollo Agroalimentario de Michoac\u00e1n (CIDAM), y est\u00e1 a cargo de los reconocidos investigadores David Micklos y Cristina Fern\u00e1ndez \u2013 Marco, del laboratorio DNA Learning Center, Cold Spring Harbor Laboratory de los Estados Unidos y Manuel Rey, del laboratorio Central ADN, M\u00e9xico.<\/p>\n<p>El Taller contempla temas como: Reacci\u00f3n en cadena de la polimerasa; Polimorfismos del ADN humano y Transpos\u00f3n Alu; Aislamiento de ADN y Amplificaci\u00f3n por reacci\u00f3n en cadena de la polimerasa; Cargado de geles y sometimiento del ADN a electroforesis; Ingenier\u00eda gen\u00e9tica y de la transformaci\u00f3n; Transformaci\u00f3n de\u00a0<em>E. coli\u00a0<\/em>usando el m\u00e9todo de colonia r\u00e1pida; Bioqu\u00edmica y aplicaciones de la prote\u00edna verde fluorescente; Genotipificaci\u00f3n de polimorfismos de nucle\u00f3tidos simples; Uso del Servidor de Alelos para someter a prueba el Equilibrio de Hardy Weinberg y comparaci\u00f3n de poblaciones humanas (ejemplo de Cerde\u00f1a); Lo que dice el ADN sobre la evoluci\u00f3n humana, entre otros.<\/p>\n<p>La capacitaci\u00f3n integra la tecnolog\u00eda de laboratorio, te\u00f3rica y de c\u00f3mputo con la pedagog\u00eda para la ense\u00f1anza. Cada taller es conducido por un miembro del personal del centro DNA Learning Center (DNALC) y por expertos de ADN M\u00e9xico.<\/p>\n<p>El DNALC es el primer centro cient\u00edfico del mundo dedicado enteramente a la ense\u00f1anza de la gen\u00e9tica y es una unidad operativa del laboratorio Cold Spring Harbor, un importante centro de investigaci\u00f3n gen\u00e9tica molecular.<\/p>\n<p>ADN es una compa\u00f1\u00eda biotecnol\u00f3gica dedicada al desarrollo de productos, tecnolog\u00edas y servicios con base en herramientas gen\u00f3micas y posgen\u00f3micas.<\/p>\n<p>El representante de Sagarpa, Francisco Gurr\u00eda, enfatiz\u00f3 la importancia de esta actividad para Michoac\u00e1n por ser actualmente el estado del pa\u00eds que exporta m\u00e1s productos primarios y tambi\u00e9n el de mayor volumen de aguas interiores, que le dan un gran potencial en t\u00e9rminos de acuacultura.<\/p>\n<p>Por su parte, el empresario Alonso G\u00f3mez, destac\u00f3 la importancia de la participaci\u00f3n del sector privado en los esfuerzos de los Gobiernos Federal y Estatal porque \u201cla ciencia es lo que realmente transforma a las sociedades y se requiere una relaci\u00f3n m\u00e1s directa y continua para que el pa\u00eds avance\u201d.<\/p>\n<p>La idea es que estos talleres sean llevados a ni\u00f1as y ni\u00f1os que habitan en zonas marginadas de la entidad, para brindarles la oportunidad de tener un acercamiento con la ciencia y la tecnolog\u00eda, lo cual es una instrucci\u00f3n del Gobernador Silvano Aureoles Conejo.<\/p>\n","protected":false},"excerpt":{"rendered":"<p>La SICDET, apoyar\u00e1 un proyecto de divulgaci\u00f3n de la ciencia dirigido principalmente a ni\u00f1as y ni\u00f1os de escasos recursos, en el aprendizaje de \u00e1reas como la biolog\u00eda molecular.<\/p>\n","protected":false},"author":1,"featured_media":25225,"comment_status":"open","ping_status":"open","sticky":false,"template":"","format":"standard","meta":{"footnotes":""},"categories":[14,3],"tags":[],"class_list":["post-25224","post","type-post","status-publish","format-standard","has-post-thumbnail","hentry","category-destacadas","category-gobierno-del-estado-de-michoacan"],"_links":{"self":[{"href":"https:\/\/radiowebmx.com\/nota\/wp-json\/wp\/v2\/posts\/25224","targetHints":{"allow":["GET"]}}],"collection":[{"href":"https:\/\/radiowebmx.com\/nota\/wp-json\/wp\/v2\/posts"}],"about":[{"href":"https:\/\/radiowebmx.com\/nota\/wp-json\/wp\/v2\/types\/post"}],"author":[{"embeddable":true,"href":"https:\/\/radiowebmx.com\/nota\/wp-json\/wp\/v2\/users\/1"}],"replies":[{"embeddable":true,"href":"https:\/\/radiowebmx.com\/nota\/wp-json\/wp\/v2\/comments?post=25224"}],"version-history":[{"count":1,"href":"https:\/\/radiowebmx.com\/nota\/wp-json\/wp\/v2\/posts\/25224\/revisions"}],"predecessor-version":[{"id":25226,"href":"https:\/\/radiowebmx.com\/nota\/wp-json\/wp\/v2\/posts\/25224\/revisions\/25226"}],"wp:featuredmedia":[{"embeddable":true,"href":"https:\/\/radiowebmx.com\/nota\/wp-json\/wp\/v2\/media\/25225"}],"wp:attachment":[{"href":"https:\/\/radiowebmx.com\/nota\/wp-json\/wp\/v2\/media?parent=25224"}],"wp:term":[{"taxonomy":"category","embeddable":true,"href":"https:\/\/radiowebmx.com\/nota\/wp-json\/wp\/v2\/categories?post=25224"},{"taxonomy":"post_tag","embeddable":true,"href":"https:\/\/radiowebmx.com\/nota\/wp-json\/wp\/v2\/tags?post=25224"}],"curies":[{"name":"wp","href":"https:\/\/api.w.org\/{rel}","templated":true}]}}