{"id":25218,"date":"2016-08-09T17:02:14","date_gmt":"2016-08-09T22:02:14","guid":{"rendered":"https:\/\/radiowebmx.com\/nota\/?p=25218"},"modified":"2016-08-09T17:02:14","modified_gmt":"2016-08-09T22:02:14","slug":"en-marcha-curso-ambientate-en-verano","status":"publish","type":"post","link":"https:\/\/radiowebmx.com\/nota\/en-marcha-curso-ambientate-en-verano\/","title":{"rendered":"En marcha, curso \u201cAmbi\u00e9ntate en verano\u201d"},"content":{"rendered":"<figure id=\"attachment_25219\" aria-describedby=\"caption-attachment-25219\" style=\"width: 591px\" class=\"wp-caption alignleft\"><a href=\"https:\/\/radiowebmx.com\/nota\/wp-content\/uploads\/2016\/08\/b7ad0a3d-baa5-40b9-8e46-9397a11e896a.jpg\"><img loading=\"lazy\" decoding=\"async\" class=\"size-full wp-image-25219\" src=\"https:\/\/radiowebmx.com\/nota\/wp-content\/uploads\/2016\/08\/b7ad0a3d-baa5-40b9-8e46-9397a11e896a.jpg\" alt=\"SONY DSC\" width=\"591\" height=\"308\" srcset=\"https:\/\/radiowebmx.com\/nota\/wp-content\/uploads\/2016\/08\/b7ad0a3d-baa5-40b9-8e46-9397a11e896a.jpg 591w, https:\/\/radiowebmx.com\/nota\/wp-content\/uploads\/2016\/08\/b7ad0a3d-baa5-40b9-8e46-9397a11e896a-300x156.jpg 300w\" sizes=\"auto, (max-width: 591px) 100vw, 591px\" \/><\/a><figcaption id=\"caption-attachment-25219\" class=\"wp-caption-text\">SONY DSC<\/figcaption><\/figure>\n<p>Como parte de las acciones conjuntas que desarrollan los tres niveles de gobierno para difundir acciones a favor de la preservaci\u00f3n y conservaci\u00f3n de los recursos forestales y ambientales, en las instalaciones de la Comisi\u00f3n Forestal del Estado (Cofom), se puso en marcha el segundo curso \u201cAmbi\u00e9ntate en Verano\u201d, dirigido a 250 ni\u00f1os y ni\u00f1as.<\/p>\n<p>Entre las actividades a desarrollar, las y los peque\u00f1os abordar\u00e1n diversas tem\u00e1ticas: forestal, agua, elementos de la naturaleza, fauna silvestre, servicios ambientales y residuos s\u00f3lidos, adem\u00e1s de ecolog\u00eda.<\/p>\n<p>Al respecto, el director general de la Comisi\u00f3n Forestal, Roberto P\u00e9rez Medrano, destac\u00f3 la importancia de que las nuevas generaciones aprendan a conservar la naturaleza, \u201ccon mensajes sencillos las y los ni\u00f1os acrecentar\u00e1n su conocimiento e inter\u00e9s en este importante tema\u201d.<\/p>\n<p>Dijo que con acciones como \u00e9sta, que implican la participaci\u00f3n de los tres \u00e1mbitos de gobierno y asociaciones como Geovida, Consulturismo y Reto Ecol\u00f3gico, en Michoac\u00e1n se avanza hacia una nueva forma de trabajo para que los peque\u00f1os estudiantes combinen el juego con la importancia de conservar los recursos naturales.<\/p>\n<p>Tambi\u00e9n los participantes acceder\u00e1n a la Casa de la Tierra ubicada en el Planetario \u201cLic. Felipe Rivera\u201d de esta ciudad, en donde podr\u00e1n observar los cambios que se registran derivado del calentamiento global: sismos, terremotos o tsunamis.<\/p>\n<p>Este curso se desarrollar\u00e1 durante la presente semana a trav\u00e9s de la Red Nacional de Divulgadores de la Cultura Forestal, y tomar\u00e1n parte capacitadores de la Comisi\u00f3n Nacional Forestal, la Comisi\u00f3n Nacional del Agua, la Secretar\u00eda del Medio Ambiente y Recursos Naturales federal, la Secretar\u00eda del Medio Ambiente, Recursos Naturales y Cambio Clim\u00e1tico de Michoac\u00e1n, la Comisi\u00f3n Nacional del Agua, Consejo Estatal de Ecolog\u00eda y de la Cofom, adem\u00e1s del Ayuntamiento de Morelia.<\/p>\n","protected":false},"excerpt":{"rendered":"<p>Como parte de las acciones conjuntas que desarrollan los tres niveles de gobierno para difundir acciones a favor de la preservaci\u00f3n y conservaci\u00f3n de los recursos forestales y ambientales, en las instalaciones de la Cofom, se puso en marcha el segundo curso \u201cAmbi\u00e9ntate en Verano\u201d, dirigido a 250 ni\u00f1os y ni\u00f1as.<\/p>\n","protected":false},"author":1,"featured_media":25219,"comment_status":"open","ping_status":"open","sticky":false,"template":"","format":"standard","meta":{"footnotes":""},"categories":[14,3],"tags":[],"class_list":["post-25218","post","type-post","status-publish","format-standard","has-post-thumbnail","hentry","category-destacadas","category-gobierno-del-estado-de-michoacan"],"_links":{"self":[{"href":"https:\/\/radiowebmx.com\/nota\/wp-json\/wp\/v2\/posts\/25218","targetHints":{"allow":["GET"]}}],"collection":[{"href":"https:\/\/radiowebmx.com\/nota\/wp-json\/wp\/v2\/posts"}],"about":[{"href":"https:\/\/radiowebmx.com\/nota\/wp-json\/wp\/v2\/types\/post"}],"author":[{"embeddable":true,"href":"https:\/\/radiowebmx.com\/nota\/wp-json\/wp\/v2\/users\/1"}],"replies":[{"embeddable":true,"href":"https:\/\/radiowebmx.com\/nota\/wp-json\/wp\/v2\/comments?post=25218"}],"version-history":[{"count":1,"href":"https:\/\/radiowebmx.com\/nota\/wp-json\/wp\/v2\/posts\/25218\/revisions"}],"predecessor-version":[{"id":25220,"href":"https:\/\/radiowebmx.com\/nota\/wp-json\/wp\/v2\/posts\/25218\/revisions\/25220"}],"wp:featuredmedia":[{"embeddable":true,"href":"https:\/\/radiowebmx.com\/nota\/wp-json\/wp\/v2\/media\/25219"}],"wp:attachment":[{"href":"https:\/\/radiowebmx.com\/nota\/wp-json\/wp\/v2\/media?parent=25218"}],"wp:term":[{"taxonomy":"category","embeddable":true,"href":"https:\/\/radiowebmx.com\/nota\/wp-json\/wp\/v2\/categories?post=25218"},{"taxonomy":"post_tag","embeddable":true,"href":"https:\/\/radiowebmx.com\/nota\/wp-json\/wp\/v2\/tags?post=25218"}],"curies":[{"name":"wp","href":"https:\/\/api.w.org\/{rel}","templated":true}]}}