{"id":25215,"date":"2016-08-09T16:55:14","date_gmt":"2016-08-09T21:55:14","guid":{"rendered":"https:\/\/radiowebmx.com\/nota\/?p=25215"},"modified":"2016-08-09T16:55:14","modified_gmt":"2016-08-09T21:55:14","slug":"utm-realizara-el-evento-textil-arte","status":"publish","type":"post","link":"https:\/\/radiowebmx.com\/nota\/utm-realizara-el-evento-textil-arte\/","title":{"rendered":"UTM realizar\u00e1 el evento Textil-Arte"},"content":{"rendered":"<p><a href=\"https:\/\/radiowebmx.com\/nota\/wp-content\/uploads\/2016\/08\/bf8ed0d3-a959-4f8d-bbe3-f210cd1737e3.jpg\"><img loading=\"lazy\" decoding=\"async\" class=\"alignleft size-full wp-image-25216\" src=\"https:\/\/radiowebmx.com\/nota\/wp-content\/uploads\/2016\/08\/bf8ed0d3-a959-4f8d-bbe3-f210cd1737e3.jpg\" alt=\"bf8ed0d3-a959-4f8d-bbe3-f210cd1737e3\" width=\"591\" height=\"314\" srcset=\"https:\/\/radiowebmx.com\/nota\/wp-content\/uploads\/2016\/08\/bf8ed0d3-a959-4f8d-bbe3-f210cd1737e3.jpg 591w, https:\/\/radiowebmx.com\/nota\/wp-content\/uploads\/2016\/08\/bf8ed0d3-a959-4f8d-bbe3-f210cd1737e3-300x159.jpg 300w\" sizes=\"auto, (max-width: 591px) 100vw, 591px\" \/><\/a>Como parte de las actividades de cierre de cuatrimestre y como evaluaci\u00f3n de la materia denominada Integradora, la carrera de Dise\u00f1o Textil y Moda, de la Universidad Tecnol\u00f3gica de Morelia (UTM), llevar\u00e1 a cabo este pr\u00f3ximo mi\u00e9rcoles 10 de agosto, el evento Textil-Arte, en el centro de Convenciones y Exposiciones de Morelia (Ceconexpo).<\/p>\n<p>En conferencia de prensa, el director de la carrera Oscar Hern\u00e1ndez Bautista, coment\u00f3 que ser\u00e1 una pasarela en donde m\u00e1s de 40 dise\u00f1os, confeccionados por m\u00e1s de 60 estudiantes de los cuatrimestres sexto y noveno, ser\u00e1n presentados ante 500 espectadores.<\/p>\n<p>\u201cEstas actividades son parte de la formaci\u00f3n de nuestros alumnos; y la materia Integradora, tiene el objetivo de reunir diversas t\u00e9cnicas y conocimientos adquiridos durante su cuatrimestre para crear sus propios dise\u00f1os\u201d, puntualiz\u00f3.<\/p>\n<p>En su intervenci\u00f3n, la maestra Laura Vieyra Jaramillo, coordinadora de este evento, coment\u00f3 que Textil-Arte est\u00e1 inspirado en tradiciones michoacanas y sus Pueblos M\u00e1gicos, por lo que los dise\u00f1os se trabajaron con manta, empleando t\u00e9cnicas de te\u00f1ido y aplicaciones tipo artesanal en bordados, deshilados y pintura.<\/p>\n<p>Oscar Hern\u00e1ndez, se\u00f1al\u00f3 que de esta manera tambi\u00e9n se cumple con el modelo educativo que ofrece la UTM, del 70 por ciento de pr\u00e1ctica y 30 por ciento teor\u00eda, ello con el objetivo de que los j\u00f3venes egresen no s\u00f3lo con los conocimientos, sino tambi\u00e9n con las habilidades y destrezas profesionales y se acerquen cada vez m\u00e1s a la realidad del mercado laboral.<\/p>\n<p>En el evento se tienen contempladas intervenciones culturales, as\u00ed como algunos stands con expositores artesanales de los Pueblos M\u00e1gicos, con el objetivo de dar realce y reconocimiento al trabajo de los artesanos michoacanos.<\/p>\n<p>Por \u00faltimo, el director hizo una invitaci\u00f3n para que asistan a este evento, adem\u00e1s de recodar que a\u00fan hay espacio para el segundo examen de admisi\u00f3n a la UTM que se llevar\u00e1 a cabo el 27 de agosto pr\u00f3ximo, y en caso de requerir m\u00e1s informaci\u00f3n pueden ingresar a la p\u00e1gina oficial<a href=\"http:\/\/gob.us11.list-manage.com\/track\/click?u=c3679d81029880892ab85d106&amp;id=cc93c507be&amp;e=c908f73b11\" target=\"_blank\">utmorelia.edu.mx<\/a>\u00a0o al tel\u00e9fono (443) 3 23 49 78.<\/p>\n","protected":false},"excerpt":{"rendered":"<p>Como parte de las actividades de cierre de cuatrimestre y como evaluaci\u00f3n de la materia denominada Integradora, la carrera de Dise\u00f1o Textil y Moda, de la UTM, llevar\u00e1 a cabo este pr\u00f3ximo mi\u00e9rcoles 10 de agosto, el evento Textil-Arte, en el Ceconexpo.<\/p>\n","protected":false},"author":1,"featured_media":25216,"comment_status":"open","ping_status":"open","sticky":false,"template":"","format":"standard","meta":{"footnotes":""},"categories":[14,3],"tags":[],"class_list":["post-25215","post","type-post","status-publish","format-standard","has-post-thumbnail","hentry","category-destacadas","category-gobierno-del-estado-de-michoacan"],"_links":{"self":[{"href":"https:\/\/radiowebmx.com\/nota\/wp-json\/wp\/v2\/posts\/25215","targetHints":{"allow":["GET"]}}],"collection":[{"href":"https:\/\/radiowebmx.com\/nota\/wp-json\/wp\/v2\/posts"}],"about":[{"href":"https:\/\/radiowebmx.com\/nota\/wp-json\/wp\/v2\/types\/post"}],"author":[{"embeddable":true,"href":"https:\/\/radiowebmx.com\/nota\/wp-json\/wp\/v2\/users\/1"}],"replies":[{"embeddable":true,"href":"https:\/\/radiowebmx.com\/nota\/wp-json\/wp\/v2\/comments?post=25215"}],"version-history":[{"count":1,"href":"https:\/\/radiowebmx.com\/nota\/wp-json\/wp\/v2\/posts\/25215\/revisions"}],"predecessor-version":[{"id":25217,"href":"https:\/\/radiowebmx.com\/nota\/wp-json\/wp\/v2\/posts\/25215\/revisions\/25217"}],"wp:featuredmedia":[{"embeddable":true,"href":"https:\/\/radiowebmx.com\/nota\/wp-json\/wp\/v2\/media\/25216"}],"wp:attachment":[{"href":"https:\/\/radiowebmx.com\/nota\/wp-json\/wp\/v2\/media?parent=25215"}],"wp:term":[{"taxonomy":"category","embeddable":true,"href":"https:\/\/radiowebmx.com\/nota\/wp-json\/wp\/v2\/categories?post=25215"},{"taxonomy":"post_tag","embeddable":true,"href":"https:\/\/radiowebmx.com\/nota\/wp-json\/wp\/v2\/tags?post=25215"}],"curies":[{"name":"wp","href":"https:\/\/api.w.org\/{rel}","templated":true}]}}