{"id":25212,"date":"2016-08-09T16:31:55","date_gmt":"2016-08-09T21:31:55","guid":{"rendered":"https:\/\/radiowebmx.com\/nota\/?p=25212"},"modified":"2016-08-09T16:31:55","modified_gmt":"2016-08-09T21:31:55","slug":"avanza-michoacan-en-fortalecimiento-de-la-administracion-publica","status":"publish","type":"post","link":"https:\/\/radiowebmx.com\/nota\/avanza-michoacan-en-fortalecimiento-de-la-administracion-publica\/","title":{"rendered":"Avanza Michoac\u00e1n en fortalecimiento de la administraci\u00f3n p\u00fablica"},"content":{"rendered":"<p><a href=\"https:\/\/radiowebmx.com\/nota\/wp-content\/uploads\/2016\/08\/93a10de0-cf30-4465-bf03-db53aa18ef12-1.jpg\"><img loading=\"lazy\" decoding=\"async\" class=\"alignleft size-full wp-image-25213\" src=\"https:\/\/radiowebmx.com\/nota\/wp-content\/uploads\/2016\/08\/93a10de0-cf30-4465-bf03-db53aa18ef12-1.jpg\" alt=\"93a10de0-cf30-4465-bf03-db53aa18ef12 (1)\" width=\"591\" height=\"311\" srcset=\"https:\/\/radiowebmx.com\/nota\/wp-content\/uploads\/2016\/08\/93a10de0-cf30-4465-bf03-db53aa18ef12-1.jpg 591w, https:\/\/radiowebmx.com\/nota\/wp-content\/uploads\/2016\/08\/93a10de0-cf30-4465-bf03-db53aa18ef12-1-300x158.jpg 300w\" sizes=\"auto, (max-width: 591px) 100vw, 591px\" \/><\/a>Dotar de las herramientas y conocimientos necesarios al personal de los tres Poderes y niveles de Gobierno, as\u00ed como de organismos descentralizados, sobre los programas y la nueva tecnolog\u00eda para garantizar la transparencia y rendici\u00f3n de cuentas, se inaugur\u00f3 el Programa de Capacitaci\u00f3n 2016, con el tema \u201cFortaleciendo la Contabilidad Gubernamental\u201d.<\/p>\n<p>Por instrucci\u00f3n del Gobernador Silvano Aureoles Conejo, el Gobierno Estatal implementa acciones para mejorar el servicio que se ofrece a las y los michoacanos, adem\u00e1s de cumplir en tiempo y forma con las leyes y normas aplicables a la administraci\u00f3n p\u00fablica estatal, por ello es que la Secretar\u00eda de Finanzas y Administraci\u00f3n, a trav\u00e9s de la Direcci\u00f3n de Capacitaci\u00f3n y Profesionalizaci\u00f3n, puso en marcha este programa.<\/p>\n<p>La secretaria de Contralor\u00eda, Silvia Estrada Esquivel, quien inaugur\u00f3 este programa con la representaci\u00f3n del mandatario Aureoles Conejo, manifest\u00f3 que la ciudadan\u00eda exige de sus gobiernos transparencia y cuentas claras, y estos talleres representan s\u00f3lo un primer paso para cumplir con dicho objetivo, por lo que pidi\u00f3 a las y los participantes poner todo su empe\u00f1o y compromiso en aprovechar estos cursos, que habr\u00e1n de ayudar a dar certeza a la acci\u00f3n gubernamental.<\/p>\n<p>Este tipo de programas de capacitaci\u00f3n, se ver\u00e1n reflejados en el buen actuar y la mejora en la calidad del desempe\u00f1o de los participantes dentro de sus \u00e1reas, evitando cometer errores por omisi\u00f3n y fortaleciendo la contabilidad gubernamental.<\/p>\n<p>El prop\u00f3sito es que el servidor p\u00fablico vigile en tiempo real la aplicaci\u00f3n de los recursos, y as\u00ed informe en el mismo momento a las autoridades correspondientes sobre el uso de los recursos presupuestados.<\/p>\n<p>Estas acciones permitir\u00e1n cimentar las bases para el saneamiento de las finanzas estatales, traduci\u00e9ndose en mayores y mejores beneficios para las y los michoacanos.<\/p>\n","protected":false},"excerpt":{"rendered":"<p>Dotar de las herramientas y conocimientos necesarios al personal de los tres Poderes y niveles de Gobierno, as\u00ed como de organismos descentralizados, sobre los programas y la nueva tecnolog\u00eda para garantizar la transparencia y rendici\u00f3n de cuentas, se inaugur\u00f3 el Programa de Capacitaci\u00f3n 2016, con el tema \u201cFortaleciendo la Contabilidad Gubernamental\u201d. Por instrucci\u00f3n del Gobernador [&hellip;]<\/p>\n","protected":false},"author":1,"featured_media":25213,"comment_status":"open","ping_status":"open","sticky":false,"template":"","format":"standard","meta":{"footnotes":""},"categories":[14,3],"tags":[],"class_list":["post-25212","post","type-post","status-publish","format-standard","has-post-thumbnail","hentry","category-destacadas","category-gobierno-del-estado-de-michoacan"],"_links":{"self":[{"href":"https:\/\/radiowebmx.com\/nota\/wp-json\/wp\/v2\/posts\/25212","targetHints":{"allow":["GET"]}}],"collection":[{"href":"https:\/\/radiowebmx.com\/nota\/wp-json\/wp\/v2\/posts"}],"about":[{"href":"https:\/\/radiowebmx.com\/nota\/wp-json\/wp\/v2\/types\/post"}],"author":[{"embeddable":true,"href":"https:\/\/radiowebmx.com\/nota\/wp-json\/wp\/v2\/users\/1"}],"replies":[{"embeddable":true,"href":"https:\/\/radiowebmx.com\/nota\/wp-json\/wp\/v2\/comments?post=25212"}],"version-history":[{"count":1,"href":"https:\/\/radiowebmx.com\/nota\/wp-json\/wp\/v2\/posts\/25212\/revisions"}],"predecessor-version":[{"id":25214,"href":"https:\/\/radiowebmx.com\/nota\/wp-json\/wp\/v2\/posts\/25212\/revisions\/25214"}],"wp:featuredmedia":[{"embeddable":true,"href":"https:\/\/radiowebmx.com\/nota\/wp-json\/wp\/v2\/media\/25213"}],"wp:attachment":[{"href":"https:\/\/radiowebmx.com\/nota\/wp-json\/wp\/v2\/media?parent=25212"}],"wp:term":[{"taxonomy":"category","embeddable":true,"href":"https:\/\/radiowebmx.com\/nota\/wp-json\/wp\/v2\/categories?post=25212"},{"taxonomy":"post_tag","embeddable":true,"href":"https:\/\/radiowebmx.com\/nota\/wp-json\/wp\/v2\/tags?post=25212"}],"curies":[{"name":"wp","href":"https:\/\/api.w.org\/{rel}","templated":true}]}}