{"id":25209,"date":"2016-08-09T16:20:59","date_gmt":"2016-08-09T21:20:59","guid":{"rendered":"https:\/\/radiowebmx.com\/nota\/?p=25209"},"modified":"2016-08-09T16:20:59","modified_gmt":"2016-08-09T21:20:59","slug":"continua-cobaem-acciones-para-mejorar-infraestructura-y-fortalecer-proceso-de-aprendizaje","status":"publish","type":"post","link":"https:\/\/radiowebmx.com\/nota\/continua-cobaem-acciones-para-mejorar-infraestructura-y-fortalecer-proceso-de-aprendizaje\/","title":{"rendered":"Contin\u00faa COBAEM acciones para mejorar infraestructura y fortalecer proceso de aprendizaje"},"content":{"rendered":"<p><a href=\"https:\/\/radiowebmx.com\/nota\/wp-content\/uploads\/2016\/08\/1810b768-cf20-4da4-85df-551d64d73101.jpg\"><img loading=\"lazy\" decoding=\"async\" class=\"alignleft size-full wp-image-25210\" src=\"https:\/\/radiowebmx.com\/nota\/wp-content\/uploads\/2016\/08\/1810b768-cf20-4da4-85df-551d64d73101.jpg\" alt=\"1810b768-cf20-4da4-85df-551d64d73101\" width=\"591\" height=\"330\" srcset=\"https:\/\/radiowebmx.com\/nota\/wp-content\/uploads\/2016\/08\/1810b768-cf20-4da4-85df-551d64d73101.jpg 591w, https:\/\/radiowebmx.com\/nota\/wp-content\/uploads\/2016\/08\/1810b768-cf20-4da4-85df-551d64d73101-300x168.jpg 300w, https:\/\/radiowebmx.com\/nota\/wp-content\/uploads\/2016\/08\/1810b768-cf20-4da4-85df-551d64d73101-284x158.jpg 284w, https:\/\/radiowebmx.com\/nota\/wp-content\/uploads\/2016\/08\/1810b768-cf20-4da4-85df-551d64d73101-128x72.jpg 128w\" sizes=\"auto, (max-width: 591px) 100vw, 591px\" \/><\/a>Para el Colegio de Bachilleres del Estado de Michoac\u00e1n (Cobaem) es primordial brindar a las y los estudiantes mejores condiciones no s\u00f3lo en educaci\u00f3n, sino tambi\u00e9n en infraestructura, afirm\u00f3 el director general del subsistema, Alejandro Bustos Aguilar.<\/p>\n<p>De acuerdo a uno de los lineamientos establecidos por el Gobernador Constitucional, Silvano Aureoles Conejo, que es brindar herramientas para el futuro a las y los estudiantes de todos los niveles en Michoac\u00e1n, a trav\u00e9s de una educaci\u00f3n de calidad, el Cobaem busca alternativas para dignificar la infraestructura de los centros educativos que brindan servicio a m\u00e1s de 47 mil estudiantes.<\/p>\n<p>El Cobaem trabaja varios programas con recurso Federal que se puede multiplicar con el Estado y la comunidad, como el 3&#215;1 Migrantes, con el que recibimos presupuesto para los planteles del subsistema; tambi\u00e9n recibimos apoyo de los municipios con los que convenimos acuerdos para construir aulas, patios y techumbres; explic\u00f3 el Director General.<\/p>\n<p>Resalt\u00f3 que el Patronato del Cobaem, que es otra l\u00ednea que brinda recursos a trav\u00e9s de diversas actividades y donativos de empresarios. El Colegio de Bachilleres recibir\u00e1 el primer donativo por parte del Patronato y ser\u00e1 en beneficio del plantel de Tar\u00edmbaro, donde se instalar\u00e1 un laboratorio de c\u00f3mputo.<\/p>\n<p>Bustos Aguilar a\u00f1adi\u00f3 que se trabaja con el programa del Fondo de Aportaciones M\u00faltiples, en donde la Federaci\u00f3n y el Estado aportan recursos importantes para construir aulas.<\/p>\n<p>Destac\u00f3 adem\u00e1s que a trav\u00e9s del Programa Escuelas al CIEN, se ejercer\u00e1n aproximadamente 7 millones de pesos para los planteles del Cobaem.<\/p>\n<p>Finalmente, invit\u00f3 a los Directores de planteles a fortalecer su gesti\u00f3n directiva y que participen en todos los fondos concursables que existan por parte del Gobierno Federal y del Estado.<\/p>\n","protected":false},"excerpt":{"rendered":"<p>Para el Cobaem es primordial brindar a las y los estudiantes mejores condiciones no s\u00f3lo en educaci\u00f3n, sino tambi\u00e9n en infraestructura, afirm\u00f3 el director general del subsistema, Alejandro Bustos Aguilar.<\/p>\n","protected":false},"author":1,"featured_media":25210,"comment_status":"open","ping_status":"open","sticky":false,"template":"","format":"standard","meta":{"footnotes":""},"categories":[14,3],"tags":[],"class_list":["post-25209","post","type-post","status-publish","format-standard","has-post-thumbnail","hentry","category-destacadas","category-gobierno-del-estado-de-michoacan"],"_links":{"self":[{"href":"https:\/\/radiowebmx.com\/nota\/wp-json\/wp\/v2\/posts\/25209","targetHints":{"allow":["GET"]}}],"collection":[{"href":"https:\/\/radiowebmx.com\/nota\/wp-json\/wp\/v2\/posts"}],"about":[{"href":"https:\/\/radiowebmx.com\/nota\/wp-json\/wp\/v2\/types\/post"}],"author":[{"embeddable":true,"href":"https:\/\/radiowebmx.com\/nota\/wp-json\/wp\/v2\/users\/1"}],"replies":[{"embeddable":true,"href":"https:\/\/radiowebmx.com\/nota\/wp-json\/wp\/v2\/comments?post=25209"}],"version-history":[{"count":1,"href":"https:\/\/radiowebmx.com\/nota\/wp-json\/wp\/v2\/posts\/25209\/revisions"}],"predecessor-version":[{"id":25211,"href":"https:\/\/radiowebmx.com\/nota\/wp-json\/wp\/v2\/posts\/25209\/revisions\/25211"}],"wp:featuredmedia":[{"embeddable":true,"href":"https:\/\/radiowebmx.com\/nota\/wp-json\/wp\/v2\/media\/25210"}],"wp:attachment":[{"href":"https:\/\/radiowebmx.com\/nota\/wp-json\/wp\/v2\/media?parent=25209"}],"wp:term":[{"taxonomy":"category","embeddable":true,"href":"https:\/\/radiowebmx.com\/nota\/wp-json\/wp\/v2\/categories?post=25209"},{"taxonomy":"post_tag","embeddable":true,"href":"https:\/\/radiowebmx.com\/nota\/wp-json\/wp\/v2\/tags?post=25209"}],"curies":[{"name":"wp","href":"https:\/\/api.w.org\/{rel}","templated":true}]}}