{"id":25199,"date":"2016-08-08T13:43:04","date_gmt":"2016-08-08T18:43:04","guid":{"rendered":"https:\/\/radiowebmx.com\/nota\/?p=25199"},"modified":"2016-08-08T13:44:11","modified_gmt":"2016-08-08T18:44:11","slug":"gobiernos-del-prd-en-deuda-con-los-michoacanos-vst","status":"publish","type":"post","link":"https:\/\/radiowebmx.com\/nota\/gobiernos-del-prd-en-deuda-con-los-michoacanos-vst\/","title":{"rendered":"GOBIERNOS DEL PRD EN DEUDA CON LOS MICHOACANOS: VST"},"content":{"rendered":"<p class=\"x_MsoNormal\"><span lang=\"ES\"><a href=\"https:\/\/radiowebmx.com\/nota\/wp-content\/uploads\/2016\/08\/DSC_0718.jpg\"><img loading=\"lazy\" decoding=\"async\" class=\"alignleft size-full wp-image-25200\" src=\"https:\/\/radiowebmx.com\/nota\/wp-content\/uploads\/2016\/08\/DSC_0718.jpg\" alt=\"DSC_0718\" width=\"591\" height=\"326\" srcset=\"https:\/\/radiowebmx.com\/nota\/wp-content\/uploads\/2016\/08\/DSC_0718.jpg 591w, https:\/\/radiowebmx.com\/nota\/wp-content\/uploads\/2016\/08\/DSC_0718-300x165.jpg 300w, https:\/\/radiowebmx.com\/nota\/wp-content\/uploads\/2016\/08\/DSC_0718-284x158.jpg 284w, https:\/\/radiowebmx.com\/nota\/wp-content\/uploads\/2016\/08\/DSC_0718-128x72.jpg 128w\" sizes=\"auto, (max-width: 591px) 100vw, 591px\" \/><\/a>El dirigente estatal del PRI en Michoac\u00e1n, V\u00edctor Silva Tejeda, afirm\u00f3 que los gobiernos del PRD est\u00e1n en deuda con los michoacanos. &#8220;Ellos son los responsables del actual desastre econ\u00f3mico que vivimos los michoacanos y que ha trastocado la convivencia arm\u00f3nica de la sociedad&#8221;.<\/span><\/p>\n<p class=\"x_MsoNormal\"><span lang=\"ES\">\u00a0<\/span><\/p>\n<p class=\"x_MsoNormal\"><span lang=\"ES\">Ante la militancia y clase pol\u00edtica de L\u00e1zaro C\u00e1rdenas, puntualiz\u00f3 que los gobiernos del PRI est\u00e1n obligados a dar buenos resultados, &#8220;a tener transparencia en nuestro trabajo y a defender lo que nos corresponde al priismo, la primera fuerza pol\u00edtica en M\u00e9xico&#8221;; premisa que comparte con el dirigente del CEN, Enrique Ochoa Reza.<\/span><\/p>\n<p class=\"x_MsoNormal\"><span lang=\"ES\">\u00a0<\/span><\/p>\n<p class=\"x_MsoNormal\"><span lang=\"ES\">Por tal motivo, dijo, que se dar\u00e1 seguimiento al ejercicio de gobiernos emanados del tricolor como lo anunci\u00f3 el l\u00edder nacional priista.<\/span><\/p>\n<p class=\"x_MsoNormal\"><span lang=\"ES\">\u00a0<\/span><\/p>\n<p class=\"x_MsoNormal\"><span lang=\"ES\">Se\u00f1al\u00f3 que el PRI en M\u00e9xico y en Michoac\u00e1n est\u00e1 en una nueva etapa en donde manda la militancia; etapa de transparencia y responsabilidad. Y asegur\u00f3 que en pr\u00f3ximos d\u00edas un delegado especial visitar\u00e1 el puerto para reunirse con las distintas expresiones y poder llegar a acuerdos, construir la unidad.<\/span><\/p>\n<p class=\"x_MsoNormal\"><span lang=\"ES\">\u00a0<\/span><\/p>\n<p class=\"x_MsoNormal\"><span lang=\"ES\">Asever\u00f3 que la dirigencia ha recorrido los distritos electorales con un di\u00e1logo directo y abierto, compartiendo con precisi\u00f3n el rumbo que el PRI en la entidad va a seguir para lograr las condiciones necesarias para ganar las elecciones en 2018 y 2021. &#8220;Hemos venido a construir la unidad. El comit\u00e9 en pleno viene con la cabeza en alto y vamos a predicar con el ejemplo. En pocos d\u00edas se lanzar\u00e1n convocatorias completamente abiertas para renovar consejos pol\u00edticos municipales; no se va a imponer a nadie&#8221;.<\/span><\/p>\n<p class=\"x_MsoNormal\"><span lang=\"ES\">\u00a0<\/span><\/p>\n<p class=\"x_MsoNormal\"><span lang=\"ES\">Recalc\u00f3 que tendr\u00e1n la libertad de elegir a sus representantes pero tambi\u00e9n se responsabilizar\u00e1n de dar buenos resultados.<\/span><\/p>\n<p class=\"x_MsoNormal\"><span lang=\"ES\">\u00a0<\/span><\/p>\n<p class=\"x_MsoNormal\"><span lang=\"ES\">Jos\u00e9 Hugo Cabrera Ruiz, Delegado del CEN en Michoac\u00e1n, agradeci\u00f3 a los presentes el trabajo partidista que han realizado en el puerto. Y exhort\u00f3 a los presentes a &#8220;reflexionar sobre el proyecto de naci\u00f3n que queremos. Debemos estar preparados en unidad.&#8221; Y agreg\u00f3 que L\u00e1zaro C\u00e1rdenas es un lugar importante para la econom\u00eda de Michoac\u00e1n y de M\u00e9xico, el cual se ha visto beneficiado con el nombramiento de Zona Econ\u00f3mica Especial, otorgado por el Presidente Enrique Pe\u00f1a Nieto.\u00a0\u00a0<\/span><\/p>\n<p class=\"x_MsoNormal\"><span lang=\"ES\">\u00a0<\/span><\/p>\n<p class=\"x_MsoNormal\"><span lang=\"ES\">La Secretaria General del CDE, Rosy Miranda Ar\u00e9valo, se\u00f1al\u00f3 que el PRI es un instituto pol\u00edtico que cree en las mujeres, y resalt\u00f3 la gran labor que realiza este sector en el municipio, &#8220;gracias a las mujeres se gan\u00f3 la contienda electoral en L\u00e1zaro C\u00e1rdenas&#8221;.<\/span><\/p>\n<p class=\"x_MsoNormal\"><span lang=\"ES\">\u00a0<\/span><\/p>\n<p class=\"x_MsoNormal\"><span lang=\"ES\">Felipe Luna P\u00e9rez, dirigente del comit\u00e9 municipal, asegur\u00f3 que &#8220;el PRI est\u00e1 de pie y va para adelante&#8221;; y recalc\u00f3 que gracias a la unidad de la militancia local, en las pasadas elecciones el tricolor gan\u00f3 el municipio as\u00ed como las diputaciones local y federal.<\/span><\/p>\n<p class=\"x_MsoNormal\"><span lang=\"ES\">\u00a0<\/span><\/p>\n<p class=\"x_MsoNormal\"><span lang=\"ES\">Lideresas priistas del municipio, se\u00f1alaron que &#8220;las mujeres hacemos el trabajo en el partido con el coraz\u00f3n, no pedimos dinero. Somos las de los votos y somos valiosas&#8221;. Y solicitaron al dirigente se les otorgue m\u00e1s apoyo dentro del comit\u00e9.<\/span><\/p>\n<p class=\"x_MsoNormal\"><span lang=\"ES\">\u00a0<\/span><\/p>\n<p class=\"x_MsoNormal\"><span lang=\"ES\">Tambi\u00e9n estuvieron presentes Antonio Guzm\u00e1n Casta\u00f1eda, Secretario de Organizaci\u00f3n; Patricia Medina, Secretaria T\u00e9cnica del Consejo Pol\u00edtico; Jes\u00fas Remigio Garc\u00eda, Secretario de Acci\u00f3n Electoral; Lupita Santracruz, Secretaria de Comunicaci\u00f3n Institucional; Antonio Ocampo, Secretario de Estrategia Digital; los ex dirigentes municipales Ram\u00f3n Segura, Ram\u00f3n Aguilar y Jes\u00fas Vel\u00e1zquez; as\u00ed como regidores y jefes de tenencia.<\/span><\/p>\n","protected":false},"excerpt":{"rendered":"<p>El dirigente estatal del PRI en Michoac\u00e1n, V\u00edctor Silva Tejeda, afirm\u00f3 que los gobiernos del PRD est\u00e1n en deuda con los michoacanos. &#8220;Ellos son los responsables del actual desastre econ\u00f3mico que vivimos los michoacanos y que ha trastocado la convivencia arm\u00f3nica de la sociedad&#8221;.<\/p>\n","protected":false},"author":1,"featured_media":25200,"comment_status":"open","ping_status":"open","sticky":false,"template":"","format":"standard","meta":{"footnotes":""},"categories":[14,11,12],"tags":[],"class_list":["post-25199","post","type-post","status-publish","format-standard","has-post-thumbnail","hentry","category-destacadas","category-partidos-politicos","category-pri"],"_links":{"self":[{"href":"https:\/\/radiowebmx.com\/nota\/wp-json\/wp\/v2\/posts\/25199","targetHints":{"allow":["GET"]}}],"collection":[{"href":"https:\/\/radiowebmx.com\/nota\/wp-json\/wp\/v2\/posts"}],"about":[{"href":"https:\/\/radiowebmx.com\/nota\/wp-json\/wp\/v2\/types\/post"}],"author":[{"embeddable":true,"href":"https:\/\/radiowebmx.com\/nota\/wp-json\/wp\/v2\/users\/1"}],"replies":[{"embeddable":true,"href":"https:\/\/radiowebmx.com\/nota\/wp-json\/wp\/v2\/comments?post=25199"}],"version-history":[{"count":1,"href":"https:\/\/radiowebmx.com\/nota\/wp-json\/wp\/v2\/posts\/25199\/revisions"}],"predecessor-version":[{"id":25201,"href":"https:\/\/radiowebmx.com\/nota\/wp-json\/wp\/v2\/posts\/25199\/revisions\/25201"}],"wp:featuredmedia":[{"embeddable":true,"href":"https:\/\/radiowebmx.com\/nota\/wp-json\/wp\/v2\/media\/25200"}],"wp:attachment":[{"href":"https:\/\/radiowebmx.com\/nota\/wp-json\/wp\/v2\/media?parent=25199"}],"wp:term":[{"taxonomy":"category","embeddable":true,"href":"https:\/\/radiowebmx.com\/nota\/wp-json\/wp\/v2\/categories?post=25199"},{"taxonomy":"post_tag","embeddable":true,"href":"https:\/\/radiowebmx.com\/nota\/wp-json\/wp\/v2\/tags?post=25199"}],"curies":[{"name":"wp","href":"https:\/\/api.w.org\/{rel}","templated":true}]}}