{"id":25195,"date":"2016-08-08T13:39:47","date_gmt":"2016-08-08T18:39:47","guid":{"rendered":"https:\/\/radiowebmx.com\/nota\/?p=25195"},"modified":"2016-08-08T13:39:47","modified_gmt":"2016-08-08T18:39:47","slug":"premiara-alfonso-martinez-a-ganadores-del-concurso-disena-cambia-mejora-la-imagen-de-los-tianguis","status":"publish","type":"post","link":"https:\/\/radiowebmx.com\/nota\/premiara-alfonso-martinez-a-ganadores-del-concurso-disena-cambia-mejora-la-imagen-de-los-tianguis\/","title":{"rendered":"Premiar\u00e1 Alfonso Mart\u00ednez a ganadores del concurso Dise\u00f1a, Cambia, Mejora la Imagen de los Tianguis"},"content":{"rendered":"<p><a href=\"https:\/\/radiowebmx.com\/nota\/wp-content\/uploads\/2016\/08\/87b975ae-d083-4f18-84d1-48dd3a2acb091.jpeg\"><img loading=\"lazy\" decoding=\"async\" class=\"alignleft size-full wp-image-25197\" src=\"https:\/\/radiowebmx.com\/nota\/wp-content\/uploads\/2016\/08\/87b975ae-d083-4f18-84d1-48dd3a2acb091.jpeg\" alt=\"87b975ae-d083-4f18-84d1-48dd3a2acb09\" width=\"591\" height=\"351\" srcset=\"https:\/\/radiowebmx.com\/nota\/wp-content\/uploads\/2016\/08\/87b975ae-d083-4f18-84d1-48dd3a2acb091.jpeg 591w, https:\/\/radiowebmx.com\/nota\/wp-content\/uploads\/2016\/08\/87b975ae-d083-4f18-84d1-48dd3a2acb091-300x178.jpeg 300w\" sizes=\"auto, (max-width: 591px) 100vw, 591px\" \/><\/a>En aras de dignificar las actividades econ\u00f3micas en Morelia, el Ayuntamiento que encabeza el Presidente Municipal, Alfonso Mart\u00ednez Alc\u00e1zar a trav\u00e9s de la Secretar\u00eda de Servicios P\u00fablicos, premiar\u00e1 a quienes resultaron ganadores del concurso \u201cDise\u00f1a, Cambia, Mejora la Imagen de los Tianguis en Morelia\u201d.<\/p>\n<p>Luego de que el jurado calificador deliberara al prototipo ganador de las cinco propuestas, se eligieron a los tres finalistas que el d\u00eda martes 9 de agosto ser\u00e1n premiadas en base a su funcionalidad e imagen.<\/p>\n<p>El Secretario de Servicios P\u00fablicos Municipales, Jos\u00e9 Luis Gil V\u00e1zquez indic\u00f3 que esta acci\u00f3n es fundamental para darle una mejor imagen a los mercados ambulantes de Morelia, con el objetivo de que los oferentes tengan un \u00e1rea de trabajo m\u00e1s digna\u00a0 y c\u00f3moda.<\/p>\n<p>De igual forma, subray\u00f3 que la mejora de los espacios p\u00fablicos motivar\u00e1 a los morelianos a visitar o acudir con m\u00e1s confianza a estos lugares, los cuales representan una tradici\u00f3n para los ciudadanos.<\/p>\n<p>Cabe recordar que fueron 199 las propuestas que se presentaron oficialmente, de los cuales 70 entregaron los prototipos en formato digital o maqueta y de entre los cuales salieron los tres finalistas.<\/p>\n<p>El Jurado Calificador integrado por personal de la Direcci\u00f3n de Mercados, acad\u00e9micos, as\u00ed como comerciantes, eligi\u00f3 a los ganadores quienes recibir\u00e1n 70 mil pesos para el primer lugar, adem\u00e1s de que su dise\u00f1o ser\u00e1 replicado en todos los mercados de la ciudad.<\/p>\n<p>Mientras que el segundo lugar se har\u00e1 acreedor a 50 mil pesos\u00a0 y el tercero 30 mil pesos.<\/p>\n<p>Con esta acci\u00f3n se da cumplimiento a una de las propuestas presentadas por el Alcalde, Alfonso Mart\u00ednez tendiente a dignificar\u00a0 los espacios p\u00fablicos, para as\u00ed mejorar las actividades econ\u00f3micas de la capital.<\/p>\n","protected":false},"excerpt":{"rendered":"<p>En aras de dignificar las actividades econ\u00f3micas en Morelia, el Ayuntamiento que encabeza el Presidente Municipal, Alfonso Mart\u00ednez Alc\u00e1zar a trav\u00e9s de la Secretar\u00eda de Servicios P\u00fablicos, premiar\u00e1 a quienes resultaron ganadores del concurso \u201cDise\u00f1a, Cambia, Mejora la Imagen de los Tianguis en Morelia\u201d.<\/p>\n","protected":false},"author":1,"featured_media":25197,"comment_status":"open","ping_status":"open","sticky":false,"template":"","format":"standard","meta":{"footnotes":""},"categories":[14,3],"tags":[],"class_list":["post-25195","post","type-post","status-publish","format-standard","has-post-thumbnail","hentry","category-destacadas","category-gobierno-del-estado-de-michoacan"],"_links":{"self":[{"href":"https:\/\/radiowebmx.com\/nota\/wp-json\/wp\/v2\/posts\/25195","targetHints":{"allow":["GET"]}}],"collection":[{"href":"https:\/\/radiowebmx.com\/nota\/wp-json\/wp\/v2\/posts"}],"about":[{"href":"https:\/\/radiowebmx.com\/nota\/wp-json\/wp\/v2\/types\/post"}],"author":[{"embeddable":true,"href":"https:\/\/radiowebmx.com\/nota\/wp-json\/wp\/v2\/users\/1"}],"replies":[{"embeddable":true,"href":"https:\/\/radiowebmx.com\/nota\/wp-json\/wp\/v2\/comments?post=25195"}],"version-history":[{"count":1,"href":"https:\/\/radiowebmx.com\/nota\/wp-json\/wp\/v2\/posts\/25195\/revisions"}],"predecessor-version":[{"id":25198,"href":"https:\/\/radiowebmx.com\/nota\/wp-json\/wp\/v2\/posts\/25195\/revisions\/25198"}],"wp:featuredmedia":[{"embeddable":true,"href":"https:\/\/radiowebmx.com\/nota\/wp-json\/wp\/v2\/media\/25197"}],"wp:attachment":[{"href":"https:\/\/radiowebmx.com\/nota\/wp-json\/wp\/v2\/media?parent=25195"}],"wp:term":[{"taxonomy":"category","embeddable":true,"href":"https:\/\/radiowebmx.com\/nota\/wp-json\/wp\/v2\/categories?post=25195"},{"taxonomy":"post_tag","embeddable":true,"href":"https:\/\/radiowebmx.com\/nota\/wp-json\/wp\/v2\/tags?post=25195"}],"curies":[{"name":"wp","href":"https:\/\/api.w.org\/{rel}","templated":true}]}}