{"id":25192,"date":"2016-08-08T13:36:06","date_gmt":"2016-08-08T18:36:06","guid":{"rendered":"https:\/\/radiowebmx.com\/nota\/?p=25192"},"modified":"2016-08-08T13:36:06","modified_gmt":"2016-08-08T18:36:06","slug":"impulsan-el-programa-de-plantaciones-forestales-comerciales-en-michoacan","status":"publish","type":"post","link":"https:\/\/radiowebmx.com\/nota\/impulsan-el-programa-de-plantaciones-forestales-comerciales-en-michoacan\/","title":{"rendered":"Impulsan el Programa de Plantaciones Forestales Comerciales en Michoac\u00e1n"},"content":{"rendered":"<p><a href=\"https:\/\/radiowebmx.com\/nota\/wp-content\/uploads\/2016\/08\/3207a30e-47ba-492e-8943-9ace856b082c.jpeg\"><img loading=\"lazy\" decoding=\"async\" class=\"alignleft size-full wp-image-25193\" src=\"https:\/\/radiowebmx.com\/nota\/wp-content\/uploads\/2016\/08\/3207a30e-47ba-492e-8943-9ace856b082c.jpeg\" alt=\"3207a30e-47ba-492e-8943-9ace856b082c\" width=\"591\" height=\"387\" srcset=\"https:\/\/radiowebmx.com\/nota\/wp-content\/uploads\/2016\/08\/3207a30e-47ba-492e-8943-9ace856b082c.jpeg 591w, https:\/\/radiowebmx.com\/nota\/wp-content\/uploads\/2016\/08\/3207a30e-47ba-492e-8943-9ace856b082c-300x196.jpeg 300w\" sizes=\"auto, (max-width: 591px) 100vw, 591px\" \/><\/a>En concordancia con lo establecido en el Plan de Desarrollo Integral del Estado de Michoac\u00e1n 2015-2021 en materia forestal, se fortalecen las acciones para el establecimiento de plantaciones forestales comerciales en diferentes regiones de la entidad.<\/p>\n<p>Para tal efecto, el titular de la Comisi\u00f3n Forestal del Estado de Michoac\u00e1n (Cofom), Roberto P\u00e9rez Medrano; el gerente nacional de Plantaciones Forestales y el delegado en la entidad de la Comisi\u00f3n Nacional Forestal (Conafor), Jorge Pedro Flores y Osvaldo Fern\u00e1ndez Orozco, respectivamente, sostuvieron un encuenetro de trabajo en el que se alcanzaron varios acuerdos.<\/p>\n<p>Se determin\u00f3 que en Michoac\u00e1n existen especies de r\u00e1pido crecimiento en zonas de clima templado fr\u00edo, que a corto y mediano plazo pueden coadyuvar al suministro de materia prima de medianas y peque\u00f1as industrias de aserr\u00edo, as\u00ed como de las plantas transformadoras de resina. Hay zonas de la geograf\u00eda michoacana, como la regi\u00f3n Oriente, para delimitar este tipo de acciones.<\/p>\n<p>Al respecto, el director general de la Cofom destac\u00f3 el inter\u00e9s y compromiso del Gobernador Silvano Aureoles Conejo por implementar acciones que redunden en el fortalecimiento, desarrollo y modernizaci\u00f3n del sector forestal del estado, y en este sentido, indic\u00f3, el Programa de Plantaciones Forestales Comerciales representa una gran oportunidad.<\/p>\n<p>Cabe se\u00f1alar que Michoac\u00e1n, con 12 mil 189 hect\u00e1reas, ocupa el s\u00e9ptimo lugar nacional de superficies de plantaciones forestales comerciales maderables establecidas, el 50 por ciento de la cual se concentra en los municipios de Chinicuila, Maravat\u00edo, Tepalcatepec, Coalcom\u00e1n e Hidalgo.<\/p>\n","protected":false},"excerpt":{"rendered":"<p>En concordancia con lo establecido en el Plan de Desarrollo Integral del Estado de Michoac\u00e1n 2015-2021 en materia forestal, se fortalecen las acciones para el establecimiento de plantaciones forestales comerciales en diferentes regiones de la entidad.<\/p>\n","protected":false},"author":1,"featured_media":25193,"comment_status":"open","ping_status":"open","sticky":false,"template":"","format":"standard","meta":{"footnotes":""},"categories":[14,3],"tags":[],"class_list":["post-25192","post","type-post","status-publish","format-standard","has-post-thumbnail","hentry","category-destacadas","category-gobierno-del-estado-de-michoacan"],"_links":{"self":[{"href":"https:\/\/radiowebmx.com\/nota\/wp-json\/wp\/v2\/posts\/25192","targetHints":{"allow":["GET"]}}],"collection":[{"href":"https:\/\/radiowebmx.com\/nota\/wp-json\/wp\/v2\/posts"}],"about":[{"href":"https:\/\/radiowebmx.com\/nota\/wp-json\/wp\/v2\/types\/post"}],"author":[{"embeddable":true,"href":"https:\/\/radiowebmx.com\/nota\/wp-json\/wp\/v2\/users\/1"}],"replies":[{"embeddable":true,"href":"https:\/\/radiowebmx.com\/nota\/wp-json\/wp\/v2\/comments?post=25192"}],"version-history":[{"count":1,"href":"https:\/\/radiowebmx.com\/nota\/wp-json\/wp\/v2\/posts\/25192\/revisions"}],"predecessor-version":[{"id":25194,"href":"https:\/\/radiowebmx.com\/nota\/wp-json\/wp\/v2\/posts\/25192\/revisions\/25194"}],"wp:featuredmedia":[{"embeddable":true,"href":"https:\/\/radiowebmx.com\/nota\/wp-json\/wp\/v2\/media\/25193"}],"wp:attachment":[{"href":"https:\/\/radiowebmx.com\/nota\/wp-json\/wp\/v2\/media?parent=25192"}],"wp:term":[{"taxonomy":"category","embeddable":true,"href":"https:\/\/radiowebmx.com\/nota\/wp-json\/wp\/v2\/categories?post=25192"},{"taxonomy":"post_tag","embeddable":true,"href":"https:\/\/radiowebmx.com\/nota\/wp-json\/wp\/v2\/tags?post=25192"}],"curies":[{"name":"wp","href":"https:\/\/api.w.org\/{rel}","templated":true}]}}