{"id":25174,"date":"2016-08-05T19:52:35","date_gmt":"2016-08-06T00:52:35","guid":{"rendered":"https:\/\/radiowebmx.com\/nota\/?p=25174"},"modified":"2016-08-05T19:52:35","modified_gmt":"2016-08-06T00:52:35","slug":"inicia-liconsa-jornada-de-incorporacion-a-beneficiarios-del-crit-teleton","status":"publish","type":"post","link":"https:\/\/radiowebmx.com\/nota\/inicia-liconsa-jornada-de-incorporacion-a-beneficiarios-del-crit-teleton\/","title":{"rendered":"INICIA LICONSA JORNADA DE INCORPORACI\u00d3N A BENEFICIARIOS DEL CRIT TELET\u00d3N"},"content":{"rendered":"<p><a href=\"https:\/\/radiowebmx.com\/nota\/wp-content\/uploads\/2016\/08\/13925346_1230782090286305_4655298003405278908_n.jpg\"><img loading=\"lazy\" decoding=\"async\" class=\"alignleft size-full wp-image-25175\" src=\"https:\/\/radiowebmx.com\/nota\/wp-content\/uploads\/2016\/08\/13925346_1230782090286305_4655298003405278908_n.jpg\" alt=\"13925346_1230782090286305_4655298003405278908_n\" width=\"591\" height=\"332\" srcset=\"https:\/\/radiowebmx.com\/nota\/wp-content\/uploads\/2016\/08\/13925346_1230782090286305_4655298003405278908_n.jpg 591w, https:\/\/radiowebmx.com\/nota\/wp-content\/uploads\/2016\/08\/13925346_1230782090286305_4655298003405278908_n-300x169.jpg 300w, https:\/\/radiowebmx.com\/nota\/wp-content\/uploads\/2016\/08\/13925346_1230782090286305_4655298003405278908_n-128x72.jpg 128w\" sizes=\"auto, (max-width: 591px) 100vw, 591px\" \/><\/a>Dando continuidad a la firma del convenio realizada el pasado 20 de julio del presente a\u00f1o entre LICONSA y el CRIT Telet\u00f3n Michoac\u00e1n, la tarde de este jueves, inici\u00f3 el proceso de incorporaci\u00f3n de los familiares del CRIT a los programas sociales con los que se cuenta en LICONSA.<\/p>\n<p>El Gerente Estatal de LIiconsa, Ger\u00f3nimo Color Gasca comento que dicha acci\u00f3n traer\u00e1 beneficios a miles de familiares que podr\u00e1n acceder al programa de Abasto Social de Leche Liconsa.<\/p>\n<p>Por ello, la tarde de este jueves comenz\u00f3 la inscripci\u00f3n a aquellos que diario acuden al CRIT Telet\u00f3n Michoac\u00e1n a los programas sociales.<\/p>\n<p>Es de se\u00f1alar que la intenci\u00f3n de dicho acuerdo es apoyar a familias de menores que son atendidos en el centro a diario y que no cuentan con recursos econ\u00f3micos para su alimentaci\u00f3n, por lo que podr\u00e1n recibir leche Liconsa, en las presentaciones tradicionales, al pagar una cuota de 5.50 pesos.<\/p>\n<p>Asimismo, se prev\u00e9 que el alcance que se tenga en un primer plano sea la inscripci\u00f3n de mil personas a los programas con los que cuenta LICONSA.<\/p>\n<p>Es de destacar que los familiares deber\u00e1n asistir a partir de las 8 horas, y deber\u00e1n presentar identificaci\u00f3n oficial, comprobante de domicilio, acta de nacimiento y la Clave \u00danica de Registro de Poblaci\u00f3n (CURP).<\/p>\n<p>Con estas acciones, se refrenda el compromiso de LICONSA con los michoacanos, as\u00ed como del Presidente de M\u00e9xico, Enrique Pe\u00f1a Nieto por dignificar la alimentaci\u00f3n en el pa\u00eds.<\/p>\n","protected":false},"excerpt":{"rendered":"<p>Dando continuidad a la firma del convenio realizada el pasado 20 de julio del presente a\u00f1o entre LICONSA y el CRIT Telet\u00f3n Michoac\u00e1n, la tarde de este jueves, inici\u00f3 el proceso de incorporaci\u00f3n de los familiares del CRIT a los programas sociales con los que se cuenta en LICONSA.<\/p>\n","protected":false},"author":1,"featured_media":25175,"comment_status":"open","ping_status":"open","sticky":false,"template":"","format":"standard","meta":{"footnotes":""},"categories":[14,3],"tags":[],"class_list":["post-25174","post","type-post","status-publish","format-standard","has-post-thumbnail","hentry","category-destacadas","category-gobierno-del-estado-de-michoacan"],"_links":{"self":[{"href":"https:\/\/radiowebmx.com\/nota\/wp-json\/wp\/v2\/posts\/25174","targetHints":{"allow":["GET"]}}],"collection":[{"href":"https:\/\/radiowebmx.com\/nota\/wp-json\/wp\/v2\/posts"}],"about":[{"href":"https:\/\/radiowebmx.com\/nota\/wp-json\/wp\/v2\/types\/post"}],"author":[{"embeddable":true,"href":"https:\/\/radiowebmx.com\/nota\/wp-json\/wp\/v2\/users\/1"}],"replies":[{"embeddable":true,"href":"https:\/\/radiowebmx.com\/nota\/wp-json\/wp\/v2\/comments?post=25174"}],"version-history":[{"count":1,"href":"https:\/\/radiowebmx.com\/nota\/wp-json\/wp\/v2\/posts\/25174\/revisions"}],"predecessor-version":[{"id":25176,"href":"https:\/\/radiowebmx.com\/nota\/wp-json\/wp\/v2\/posts\/25174\/revisions\/25176"}],"wp:featuredmedia":[{"embeddable":true,"href":"https:\/\/radiowebmx.com\/nota\/wp-json\/wp\/v2\/media\/25175"}],"wp:attachment":[{"href":"https:\/\/radiowebmx.com\/nota\/wp-json\/wp\/v2\/media?parent=25174"}],"wp:term":[{"taxonomy":"category","embeddable":true,"href":"https:\/\/radiowebmx.com\/nota\/wp-json\/wp\/v2\/categories?post=25174"},{"taxonomy":"post_tag","embeddable":true,"href":"https:\/\/radiowebmx.com\/nota\/wp-json\/wp\/v2\/tags?post=25174"}],"curies":[{"name":"wp","href":"https:\/\/api.w.org\/{rel}","templated":true}]}}