{"id":2516,"date":"2013-05-07T14:21:06","date_gmt":"2013-05-07T19:21:06","guid":{"rendered":"https:\/\/radiowebmx.com\/nota\/?p=2516"},"modified":"2013-05-07T14:21:06","modified_gmt":"2013-05-07T19:21:06","slug":"inicia-nueva-etapa-de-capacitacion-para-este-mes-mas-de-20-talleres-para-trabajadores-del-estado","status":"publish","type":"post","link":"https:\/\/radiowebmx.com\/nota\/inicia-nueva-etapa-de-capacitacion-para-este-mes-mas-de-20-talleres-para-trabajadores-del-estado\/","title":{"rendered":"INICIA NUEVA ETAPA DE CAPACITACI\u00d3N; PARA ESTE MES, M\u00c1S DE 20 TALLERES PARA TRABAJADORES DEL ESTADO"},"content":{"rendered":"<p><a href=\"https:\/\/radiowebmx.com\/nota\/wp-content\/uploads\/2013\/05\/DSC_1114.jpg\"><img loading=\"lazy\" decoding=\"async\" class=\"alignleft size-full wp-image-2517\" title=\"DSC_1114\" src=\"https:\/\/radiowebmx.com\/nota\/wp-content\/uploads\/2013\/05\/DSC_1114.jpg\" alt=\"\" width=\"591\" height=\"294\" \/><\/a>Este lunes iniciaron 10 de los 24 cursos que habr\u00e1n de realizarse durante el mes de mayo y que son organizados por la Direcci\u00f3n de Capacitaci\u00f3n y Profesionalizaci\u00f3n de la Secretar\u00eda de Finanzas y Administraci\u00f3n del estado, en beneficio de trabajadores de diversas dependencias del Poder Ejecutivo estatal.<\/p>\n<p>Le\u00f3nides Luviano Frutis, titular de la dependencia, explic\u00f3 que se cumpli\u00f3 la meta de motivar a las personas a que terminen los diferentes m\u00f3dulos, cada uno conformado por seis cursos, donde el objetivo principal es que los trabajadores participen de manera proactiva en otorgar un mejor servicio a la ciudadan\u00eda.<\/p>\n<p>Asimismo record\u00f3 que se da impulso al tema del Acuerdo de Austeridad, Racionalidad, Disciplina en el Gasto P\u00fablico y Modernizaci\u00f3n de la Administraci\u00f3n P\u00fablica del estado, para lo cual se sensibiliza a los compa\u00f1eros para que se interesen en su desarrollo personal e innoven sus m\u00e9todos de trabajo.<\/p>\n<p>\u201cLa recepci\u00f3n ha sido extraordinaria, tenemos testimonios de c\u00f3mo los talleres les han cambiado la vida, eso alienta a reforzar y continuar nuestra labor de capacitaci\u00f3n\u201d, destac\u00f3.<\/p>\n<p>Los temas de los cursos que iniciaron esta semana son, Manejo de la Autoestima; Comunicaci\u00f3n a trav\u00e9s de la Imagen; Derechos Humanos; Atenci\u00f3n y Trato al Usuario; Din\u00e1micas de Grupo; Manejo del Estr\u00e9s; Reingenier\u00eda de Procesos; Simulacro de Evacuaci\u00f3n de Inmueble; Yoga I; Ortograf\u00eda y Redacci\u00f3n de Documentos Jur\u00eddicos.<\/p>\n<p>El inicio de los talleres se efectu\u00f3 en la Coordinaci\u00f3n General de Comunicaci\u00f3n Social, la Consejer\u00eda Jur\u00eddica; el Centro de Investigaci\u00f3n y Desarrollo; la Casa para las Organizaciones Civiles; la Secretar\u00eda de Desarrollo Econ\u00f3mico; y la Secretar\u00eda de la Mujer.<\/p>\n<p>Los cursos forman parte del Programa de Capacitaci\u00f3n y Profesionalizaci\u00f3n, &#8220;Un gobierno eficiente al servicio de la comunidad 2012-2015\u201dy se desprenden de los M\u00f3dulos: Hacia una Cultura de la Calidad; Desarrollo de Habilidades Personales; Desarrollo de Habilidades Secretariales; Herramientas Inform\u00e1ticas; Formaci\u00f3n Integral de Instructores; y Seguridad e Higiene.<\/p>\n<p>Asimismo, los mandos medios y superiores reciben instrucci\u00f3n sobre, Desarrollo de Habilidades Productivas y Desarrollo Organizacional.<\/p>\n","protected":false},"excerpt":{"rendered":"<p>Este lunes iniciaron 10 de los 24 cursos que habr\u00e1n de realizarse durante el mes de mayo y que son organizados por la Direcci\u00f3n de Capacitaci\u00f3n y Profesionalizaci\u00f3n de la Secretar\u00eda de Finanzas y Administraci\u00f3n del estado, en beneficio de trabajadores de diversas dependencias del Poder Ejecutivo estatal.<\/p>\n","protected":false},"author":1,"featured_media":0,"comment_status":"open","ping_status":"open","sticky":false,"template":"","format":"standard","meta":{"footnotes":""},"categories":[14,3],"tags":[],"class_list":["post-2516","post","type-post","status-publish","format-standard","hentry","category-destacadas","category-gobierno-del-estado-de-michoacan"],"_links":{"self":[{"href":"https:\/\/radiowebmx.com\/nota\/wp-json\/wp\/v2\/posts\/2516","targetHints":{"allow":["GET"]}}],"collection":[{"href":"https:\/\/radiowebmx.com\/nota\/wp-json\/wp\/v2\/posts"}],"about":[{"href":"https:\/\/radiowebmx.com\/nota\/wp-json\/wp\/v2\/types\/post"}],"author":[{"embeddable":true,"href":"https:\/\/radiowebmx.com\/nota\/wp-json\/wp\/v2\/users\/1"}],"replies":[{"embeddable":true,"href":"https:\/\/radiowebmx.com\/nota\/wp-json\/wp\/v2\/comments?post=2516"}],"version-history":[{"count":1,"href":"https:\/\/radiowebmx.com\/nota\/wp-json\/wp\/v2\/posts\/2516\/revisions"}],"predecessor-version":[{"id":2518,"href":"https:\/\/radiowebmx.com\/nota\/wp-json\/wp\/v2\/posts\/2516\/revisions\/2518"}],"wp:attachment":[{"href":"https:\/\/radiowebmx.com\/nota\/wp-json\/wp\/v2\/media?parent=2516"}],"wp:term":[{"taxonomy":"category","embeddable":true,"href":"https:\/\/radiowebmx.com\/nota\/wp-json\/wp\/v2\/categories?post=2516"},{"taxonomy":"post_tag","embeddable":true,"href":"https:\/\/radiowebmx.com\/nota\/wp-json\/wp\/v2\/tags?post=2516"}],"curies":[{"name":"wp","href":"https:\/\/api.w.org\/{rel}","templated":true}]}}