{"id":25111,"date":"2016-08-04T14:07:28","date_gmt":"2016-08-04T19:07:28","guid":{"rendered":"https:\/\/radiowebmx.com\/nota\/?p=25111"},"modified":"2016-08-04T14:09:13","modified_gmt":"2016-08-04T19:09:13","slug":"ayuntamiento-fomenta-la-sana-alimentacion-entre-morelianos-alfonso-martinez","status":"publish","type":"post","link":"https:\/\/radiowebmx.com\/nota\/ayuntamiento-fomenta-la-sana-alimentacion-entre-morelianos-alfonso-martinez\/","title":{"rendered":"Ayuntamiento fomenta la sana alimentaci\u00f3n entre morelianos: Alfonso Mart\u00ednez"},"content":{"rendered":"<p><a href=\"https:\/\/radiowebmx.com\/nota\/wp-content\/uploads\/2016\/08\/6461c40a-1f12-425a-9d61-4baf100841ff.jpg\"><img loading=\"lazy\" decoding=\"async\" class=\"alignleft size-full wp-image-25112\" src=\"https:\/\/radiowebmx.com\/nota\/wp-content\/uploads\/2016\/08\/6461c40a-1f12-425a-9d61-4baf100841ff.jpg\" alt=\"6461c40a-1f12-425a-9d61-4baf100841ff\" width=\"591\" height=\"356\" srcset=\"https:\/\/radiowebmx.com\/nota\/wp-content\/uploads\/2016\/08\/6461c40a-1f12-425a-9d61-4baf100841ff.jpg 591w, https:\/\/radiowebmx.com\/nota\/wp-content\/uploads\/2016\/08\/6461c40a-1f12-425a-9d61-4baf100841ff-300x181.jpg 300w\" sizes=\"auto, (max-width: 591px) 100vw, 591px\" \/><\/a>Con el compromiso de hacer las gestiones correspondientes para establecer un comedor comunitario en la Tenencia de Santiago Undameo y con ello coadyuvar a mejorar las condiciones nutricionales de los ni\u00f1os que ah\u00ed habitan, el Presidente Municipal de Morelia, Alfonso Mart\u00ednez Alc\u00e1zar, inaugur\u00f3 la \u201cFeria de Alimentaci\u00f3n\u201d en dicha localidad, la cual se realiz\u00f3 en el marco de la Jornada Nacional de Alimentaci\u00f3n.<\/p>\n<p>Frente al Delegado Estatal de la Secretar\u00eda de Desarrollo Social (SEDESOL), V\u00edctor Manuel Tapia Casta\u00f1eda; el Delegado del Instituto Nacional de las Personas Adultas Mayores (INAPAM), Abd\u00edas Toledo Bucio; as\u00ed como la Directora del Sistema DIF Estatal, Roc\u00edo Beamonte Romero, el Alcalde subray\u00f3 que para el Ayuntamiento capitalino es de vital importancia no s\u00f3lo promover una dieta balanceada entre los morelianos, sino adem\u00e1s brindar este servicio tan necesario a las personas de m\u00e1s escasos recursos.<\/p>\n<p>\u201cCon ayuda del Delegado de la SEDESOL en Michoac\u00e1n, haremos lo necesario para instalar un comedor comunitario en esta Tenencia, para reforzar la alimentaci\u00f3n de nuestros ni\u00f1os que son el presente y futuro del pa\u00eds, porque sabemos que la nutrici\u00f3n es la base para que los menores desarrollen sus capacidades y tengan un mejor aprovechamiento escolar\u201d, anunci\u00f3.<\/p>\n<p>Acompa\u00f1ado tambi\u00e9n por el Secretario de Desarrollo Humano y Bienestar Social, Guillermo Mar\u00edn Ch\u00e1vez, Mart\u00ednez Alc\u00e1zar subray\u00f3 adem\u00e1s la estrecha vinculaci\u00f3n que actualmente existe entre la Federaci\u00f3n, el Estado y el Municipio, \u201caqu\u00ed estamos todos trabajando juntos para ustedes, los ciudadanos, acerc\u00e1ndoles los servicios que ofrecemos y escuchando sus necesidades y de eso se trata esta Feria de Alimentaci\u00f3n, de venir a servirles como funcionarios\u201d.<\/p>\n<p>En este mismo tenor, el Delegado Estatal de la SEDESOL, V\u00edctor Manuel Tapia, resalt\u00f3 el esfuerzo interinstitucional para realizar esta jornada que busca hacer conciencia entre la poblaci\u00f3n sobre dos problemas graves de alimentaci\u00f3n considerados como la nueva epidemia de salud en el pa\u00eds: la desnutrici\u00f3n, as\u00ed como el sobrepeso y la obesidad.<\/p>\n<p>Por su parte, el Jefe de Tenencia de esta localidad, Jos\u00e9 Luis Germ\u00e1n Cort\u00e9s, agradeci\u00f3 a nombre de los habitantes de Santiago Undameo, la disposici\u00f3n de los tres \u00f3rdenes de Gobierno por acercar los programas a esta localidad: \u201cPara nosotros es un d\u00eda hist\u00f3rico, porque es muestra de la descentralizaci\u00f3n de las pol\u00edticas p\u00fablicas en beneficio de los ciudadanos\u201d.<\/p>\n<p>Luego de realizar la entrega simb\u00f3lica de apoyos alimenticios del programa \u201cSi Alimenta\u201d, as\u00ed como de paquetes de focos ahorradores, el Presidente Municipal, Alfonso Mart\u00ednez, acompa\u00f1ado de las autoridades federales y estatales, llev\u00f3 a cabo un recorrido por los m\u00f3dulos instalados en el \u201cCentro del Saber\u201d de la Tenencia.<\/p>\n<p>Es de se\u00f1alar que en la Feria de Alimentaci\u00f3n, adem\u00e1s del Ayuntamiento de Morelia,\u00a0 acercaron sus servicios personal del Programa de Seguro Popular, Prospera, Diconsa, Liconsa, el Instituto Nacional de la Econom\u00eda Social (INAES), el INAPAM, el Instituto Nacional para la Educaci\u00f3n de los Adultos (INEA), IMSS, el DIF Michoac\u00e1n, as\u00ed como la Secretar\u00eda de Pol\u00edtica Social.<\/p>\n","protected":false},"excerpt":{"rendered":"<p>Con el compromiso de hacer las gestiones correspondientes para establecer un comedor comunitario en la Tenencia de Santiago Undameo y con ello coadyuvar a mejorar las condiciones nutricionales de los ni\u00f1os que ah\u00ed habitan, <\/p>\n","protected":false},"author":1,"featured_media":25112,"comment_status":"open","ping_status":"open","sticky":false,"template":"","format":"standard","meta":{"footnotes":""},"categories":[14,9],"tags":[],"class_list":["post-25111","post","type-post","status-publish","format-standard","has-post-thumbnail","hentry","category-destacadas","category-morelia"],"_links":{"self":[{"href":"https:\/\/radiowebmx.com\/nota\/wp-json\/wp\/v2\/posts\/25111","targetHints":{"allow":["GET"]}}],"collection":[{"href":"https:\/\/radiowebmx.com\/nota\/wp-json\/wp\/v2\/posts"}],"about":[{"href":"https:\/\/radiowebmx.com\/nota\/wp-json\/wp\/v2\/types\/post"}],"author":[{"embeddable":true,"href":"https:\/\/radiowebmx.com\/nota\/wp-json\/wp\/v2\/users\/1"}],"replies":[{"embeddable":true,"href":"https:\/\/radiowebmx.com\/nota\/wp-json\/wp\/v2\/comments?post=25111"}],"version-history":[{"count":1,"href":"https:\/\/radiowebmx.com\/nota\/wp-json\/wp\/v2\/posts\/25111\/revisions"}],"predecessor-version":[{"id":25113,"href":"https:\/\/radiowebmx.com\/nota\/wp-json\/wp\/v2\/posts\/25111\/revisions\/25113"}],"wp:featuredmedia":[{"embeddable":true,"href":"https:\/\/radiowebmx.com\/nota\/wp-json\/wp\/v2\/media\/25112"}],"wp:attachment":[{"href":"https:\/\/radiowebmx.com\/nota\/wp-json\/wp\/v2\/media?parent=25111"}],"wp:term":[{"taxonomy":"category","embeddable":true,"href":"https:\/\/radiowebmx.com\/nota\/wp-json\/wp\/v2\/categories?post=25111"},{"taxonomy":"post_tag","embeddable":true,"href":"https:\/\/radiowebmx.com\/nota\/wp-json\/wp\/v2\/tags?post=25111"}],"curies":[{"name":"wp","href":"https:\/\/api.w.org\/{rel}","templated":true}]}}