{"id":25089,"date":"2016-08-03T16:00:23","date_gmt":"2016-08-03T21:00:23","guid":{"rendered":"https:\/\/radiowebmx.com\/nota\/?p=25089"},"modified":"2016-08-03T16:00:23","modified_gmt":"2016-08-03T21:00:23","slug":"capacita-sfa-a-servidores-publicos","status":"publish","type":"post","link":"https:\/\/radiowebmx.com\/nota\/capacita-sfa-a-servidores-publicos\/","title":{"rendered":"Capacita SFA a servidores p\u00fablicos"},"content":{"rendered":"<p><a href=\"https:\/\/radiowebmx.com\/nota\/wp-content\/uploads\/2016\/08\/7c9894bf-1e76-4af6-af96-24b6d5b458a1.jpg\"><img loading=\"lazy\" decoding=\"async\" class=\"alignleft size-full wp-image-25090\" src=\"https:\/\/radiowebmx.com\/nota\/wp-content\/uploads\/2016\/08\/7c9894bf-1e76-4af6-af96-24b6d5b458a1.jpg\" alt=\"7c9894bf-1e76-4af6-af96-24b6d5b458a1\" width=\"591\" height=\"315\" srcset=\"https:\/\/radiowebmx.com\/nota\/wp-content\/uploads\/2016\/08\/7c9894bf-1e76-4af6-af96-24b6d5b458a1.jpg 591w, https:\/\/radiowebmx.com\/nota\/wp-content\/uploads\/2016\/08\/7c9894bf-1e76-4af6-af96-24b6d5b458a1-300x160.jpg 300w\" sizes=\"auto, (max-width: 591px) 100vw, 591px\" \/><\/a>Una de las prioridades de la administraci\u00f3n que encabeza el Gobernador Silvano Aureoles Conejo, es el mejoramiento de los procesos al interior de las dependencias y la rendici\u00f3n de cuentas, para lo cual es fundamental la implementaci\u00f3n de los procesos del nuevo programa de armonizaci\u00f3n contable.<\/p>\n<p>Por lo anterior, la Secretar\u00eda de Finanzas y Administraci\u00f3n, a trav\u00e9s de la Direcci\u00f3n de Capacitaci\u00f3n y Profesionalizaci\u00f3n, pondr\u00e1 en marcha el pr\u00f3ximo lunes 8 de agosto el Programa de Capacitaci\u00f3n 2016 \u201cFortaleciendo la Contabilidad Gubernamental\u201d, dirigido a servidores p\u00fablicos que ejercen sus labores en las dependencias estatales, municipales y de organismos aut\u00f3nomos en el ramo contable.<\/p>\n<p>El objetivo principal es brindar a las y los servidores p\u00fablicos las herramientas necesarias para que sepan aplicar de manera correcta las metodolog\u00edas, lineamientos y programas, lo que les ayudar\u00e1 a cumplir en tiempo y forma con la Ley General de Contabilidad Gubernamental, as\u00ed como con los lineamientos de la Armonizaci\u00f3n Contable, permiti\u00e9ndoles acceder a mayores recursos, traduci\u00e9ndose estos en mayores beneficios para la poblaci\u00f3n.<\/p>\n<p>Las inscripciones para los servidores p\u00fablicos interesados en este programa se podr\u00e1n hacer en el tel\u00e9fono (443) 2994231\/2994233, o marcando desde su dependencia a la marcaci\u00f3n corta 1683.<\/p>\n","protected":false},"excerpt":{"rendered":"<p>Una de las prioridades de la administraci\u00f3n que encabeza el Gobernador Silvano Aureoles Conejo, es el mejoramiento de los procesos al interior de las dependencias y la rendici\u00f3n de cuentas,<\/p>\n","protected":false},"author":1,"featured_media":25090,"comment_status":"open","ping_status":"open","sticky":false,"template":"","format":"standard","meta":{"footnotes":""},"categories":[14,3],"tags":[],"class_list":["post-25089","post","type-post","status-publish","format-standard","has-post-thumbnail","hentry","category-destacadas","category-gobierno-del-estado-de-michoacan"],"_links":{"self":[{"href":"https:\/\/radiowebmx.com\/nota\/wp-json\/wp\/v2\/posts\/25089","targetHints":{"allow":["GET"]}}],"collection":[{"href":"https:\/\/radiowebmx.com\/nota\/wp-json\/wp\/v2\/posts"}],"about":[{"href":"https:\/\/radiowebmx.com\/nota\/wp-json\/wp\/v2\/types\/post"}],"author":[{"embeddable":true,"href":"https:\/\/radiowebmx.com\/nota\/wp-json\/wp\/v2\/users\/1"}],"replies":[{"embeddable":true,"href":"https:\/\/radiowebmx.com\/nota\/wp-json\/wp\/v2\/comments?post=25089"}],"version-history":[{"count":1,"href":"https:\/\/radiowebmx.com\/nota\/wp-json\/wp\/v2\/posts\/25089\/revisions"}],"predecessor-version":[{"id":25091,"href":"https:\/\/radiowebmx.com\/nota\/wp-json\/wp\/v2\/posts\/25089\/revisions\/25091"}],"wp:featuredmedia":[{"embeddable":true,"href":"https:\/\/radiowebmx.com\/nota\/wp-json\/wp\/v2\/media\/25090"}],"wp:attachment":[{"href":"https:\/\/radiowebmx.com\/nota\/wp-json\/wp\/v2\/media?parent=25089"}],"wp:term":[{"taxonomy":"category","embeddable":true,"href":"https:\/\/radiowebmx.com\/nota\/wp-json\/wp\/v2\/categories?post=25089"},{"taxonomy":"post_tag","embeddable":true,"href":"https:\/\/radiowebmx.com\/nota\/wp-json\/wp\/v2\/tags?post=25089"}],"curies":[{"name":"wp","href":"https:\/\/api.w.org\/{rel}","templated":true}]}}