{"id":25086,"date":"2016-08-03T15:54:53","date_gmt":"2016-08-03T20:54:53","guid":{"rendered":"https:\/\/radiowebmx.com\/nota\/?p=25086"},"modified":"2016-08-03T15:54:53","modified_gmt":"2016-08-03T20:54:53","slug":"alista-cocotra-transporte-gratuito-para-estudiantes-en-huetamo","status":"publish","type":"post","link":"https:\/\/radiowebmx.com\/nota\/alista-cocotra-transporte-gratuito-para-estudiantes-en-huetamo\/","title":{"rendered":"Alista Cocotra transporte gratuito para estudiantes en Huetamo"},"content":{"rendered":"<p><a href=\"https:\/\/radiowebmx.com\/nota\/wp-content\/uploads\/2016\/08\/0b608759-0e23-4d22-856a-852a17135268.jpg\"><img loading=\"lazy\" decoding=\"async\" class=\"alignleft size-full wp-image-25087\" src=\"https:\/\/radiowebmx.com\/nota\/wp-content\/uploads\/2016\/08\/0b608759-0e23-4d22-856a-852a17135268.jpg\" alt=\"0b608759-0e23-4d22-856a-852a17135268\" width=\"591\" height=\"332\" srcset=\"https:\/\/radiowebmx.com\/nota\/wp-content\/uploads\/2016\/08\/0b608759-0e23-4d22-856a-852a17135268.jpg 591w, https:\/\/radiowebmx.com\/nota\/wp-content\/uploads\/2016\/08\/0b608759-0e23-4d22-856a-852a17135268-300x169.jpg 300w, https:\/\/radiowebmx.com\/nota\/wp-content\/uploads\/2016\/08\/0b608759-0e23-4d22-856a-852a17135268-128x72.jpg 128w\" sizes=\"auto, (max-width: 591px) 100vw, 591px\" \/><\/a>En seguimiento al compromiso del Gobernador Silvano Aureoles Conejo, la Comisi\u00f3n Coordinadora del Transporte P\u00fablico de Michoac\u00e1n (Cocotra), el Ayuntamiento de Huetamo y los transportistas de la Tierra Caliente, ya elaboran la propuesta para garantizar la gratuidad en el transporte a las y los estudiantes de nivel b\u00e1sico en las 264 comunidades del municipio.<\/p>\n<p>&nbsp;<\/p>\n<p>Ese fue el acuerdo alcanzado en la reuni\u00f3n de trabajo de la titular de la Cocotra, Julieta Gallardo Mora; el presidente municipal de Huetamo, El\u00edas Ibarra Torres; y los dirigentes de las principales organizaciones de transportistas de la regi\u00f3n.<\/p>\n<p>&nbsp;<\/p>\n<p>As\u00ed, el equipo de la Cocotra realizar\u00e1 los estudios t\u00e9cnicos que determinar\u00e1n las rutas y ramales en las que se aplicar\u00eda este programa, el cual ya ha sido anunciado por el Gobernador del Estado, Silvano Aureoles Conejo, y que operar\u00e1 en varios municipios de la entidad.<\/p>\n<p>&nbsp;<\/p>\n<p>\u201cNosotros ya estamos elaborando los estudios t\u00e9cnicos que requiere el inicio de esta medida que garantizar\u00e1 la gratuidad para todos los estudiantes de educaci\u00f3n b\u00e1sica del municipio y de la regi\u00f3n\u201d, destac\u00f3 Julieta Gallardo ante funcionarios y transportistas reunidos en las instalaciones de la Presidencia Municipal.<\/p>\n<p>&nbsp;<\/p>\n<p>Luego de agradecer la presencia de la titular de Cocotra y de los l\u00edderes transportistas de la regi\u00f3n, el edil El\u00edas Ibarra destac\u00f3 que la medida permitir\u00e1 integrar de manera efectiva a las 264 comunidades del municipio y asegurar el acceso a la educaci\u00f3n de las y los huetamenses.<\/p>\n<p>&nbsp;<\/p>\n<p>Para la titular de Cocotra, la medida implica un gran reto para transportistas y autoridades, dadas las condiciones de dispersi\u00f3n y lejan\u00eda de muchas de las comunidades.<\/p>\n<p>&nbsp;<\/p>\n<p>\u201cLa propuesta del Gobernador no s\u00f3lo dar\u00e1 acceso gratuito a los menores a los centros escolares y de salud, sino que tambi\u00e9n nos permitir\u00e1 dise\u00f1ar un sistema de transporte equilibrado, digno y eficiente\u201d, destac\u00f3 Julieta Gallardo.<\/p>\n","protected":false},"excerpt":{"rendered":"<p>En seguimiento al compromiso del Gobernador Silvano Aureoles Conejo, la Cocotra, el Ayuntamiento de Huetamo y los transportistas de la Tierra Caliente, <\/p>\n","protected":false},"author":1,"featured_media":25087,"comment_status":"open","ping_status":"open","sticky":false,"template":"","format":"standard","meta":{"footnotes":""},"categories":[14,3],"tags":[],"class_list":["post-25086","post","type-post","status-publish","format-standard","has-post-thumbnail","hentry","category-destacadas","category-gobierno-del-estado-de-michoacan"],"_links":{"self":[{"href":"https:\/\/radiowebmx.com\/nota\/wp-json\/wp\/v2\/posts\/25086","targetHints":{"allow":["GET"]}}],"collection":[{"href":"https:\/\/radiowebmx.com\/nota\/wp-json\/wp\/v2\/posts"}],"about":[{"href":"https:\/\/radiowebmx.com\/nota\/wp-json\/wp\/v2\/types\/post"}],"author":[{"embeddable":true,"href":"https:\/\/radiowebmx.com\/nota\/wp-json\/wp\/v2\/users\/1"}],"replies":[{"embeddable":true,"href":"https:\/\/radiowebmx.com\/nota\/wp-json\/wp\/v2\/comments?post=25086"}],"version-history":[{"count":1,"href":"https:\/\/radiowebmx.com\/nota\/wp-json\/wp\/v2\/posts\/25086\/revisions"}],"predecessor-version":[{"id":25088,"href":"https:\/\/radiowebmx.com\/nota\/wp-json\/wp\/v2\/posts\/25086\/revisions\/25088"}],"wp:featuredmedia":[{"embeddable":true,"href":"https:\/\/radiowebmx.com\/nota\/wp-json\/wp\/v2\/media\/25087"}],"wp:attachment":[{"href":"https:\/\/radiowebmx.com\/nota\/wp-json\/wp\/v2\/media?parent=25086"}],"wp:term":[{"taxonomy":"category","embeddable":true,"href":"https:\/\/radiowebmx.com\/nota\/wp-json\/wp\/v2\/categories?post=25086"},{"taxonomy":"post_tag","embeddable":true,"href":"https:\/\/radiowebmx.com\/nota\/wp-json\/wp\/v2\/tags?post=25086"}],"curies":[{"name":"wp","href":"https:\/\/api.w.org\/{rel}","templated":true}]}}