{"id":25080,"date":"2016-08-03T15:49:14","date_gmt":"2016-08-03T20:49:14","guid":{"rendered":"https:\/\/radiowebmx.com\/nota\/?p=25080"},"modified":"2016-08-03T15:49:14","modified_gmt":"2016-08-03T20:49:14","slug":"fortalecer-el-tejido-social-y-la-convivencia-comunitaria-es-tarea-de-todos-wilfrido-lazaro","status":"publish","type":"post","link":"https:\/\/radiowebmx.com\/nota\/fortalecer-el-tejido-social-y-la-convivencia-comunitaria-es-tarea-de-todos-wilfrido-lazaro\/","title":{"rendered":"Fortalecer el tejido social y la convivencia comunitaria es tarea de todos: Wilfrido L\u00e1zaro"},"content":{"rendered":"<p><a href=\"https:\/\/radiowebmx.com\/nota\/wp-content\/uploads\/2016\/08\/IMG_5846-1.jpg\"><img loading=\"lazy\" decoding=\"async\" class=\"alignleft size-full wp-image-25081\" src=\"https:\/\/radiowebmx.com\/nota\/wp-content\/uploads\/2016\/08\/IMG_5846-1.jpg\" alt=\"IMG_5846 (1)\" width=\"591\" height=\"307\" srcset=\"https:\/\/radiowebmx.com\/nota\/wp-content\/uploads\/2016\/08\/IMG_5846-1.jpg 591w, https:\/\/radiowebmx.com\/nota\/wp-content\/uploads\/2016\/08\/IMG_5846-1-300x156.jpg 300w\" sizes=\"auto, (max-width: 591px) 100vw, 591px\" \/><\/a>Fortalecer las pol\u00edticas p\u00fablicas a favor de los Morelianos, dirigidas a disminuir la violencia en el municipio y construir una sociedad m\u00e1s equitativa, es el principal reto as\u00ed lo expres\u00f3 el presidente de la Comisi\u00f3n de Seguridad P\u00fablica y Protecci\u00f3n Civil Wilfrido L\u00e1zaro.<\/p>\n<p>\u201cCine en Familia \u201d esta dise\u00f1ado con el\u00a0 fin de acercar el cine y entretenimiento a las familias michoacanas, fortaleciendo el tejido social y la convivencia comunitaria; Apoyando la econom\u00eda familiar con un rato de esparcimiento.<\/p>\n<p>Al respecto, el legislador michoacano , Wilfrido L\u00e1zaro , indic\u00f3 que este programa es uno de los que ha tenido mayor respuesta por parte de la ciudadan\u00eda, en virtud de que adem\u00e1s de mantener a los ni\u00f1os ocupados y entretenidos, los resultados logrados hasta el momento a trav\u00e9s de los programas de referencia considero que en este momento son palpables.<\/p>\n<p>Finalmente mencion\u00f3 que con estas estrategias, se establecen las t\u00e9cnicas dirigidas a la reducci\u00f3n de riesgos sociales por encima de las destinadas a la represi\u00f3n de conductas, promueve la participaci\u00f3n de la familia y la escuela en la construcci\u00f3n de valores, solidaridad cohesi\u00f3n social y cultura de la legalidad.<\/p>\n","protected":false},"excerpt":{"rendered":"<p>Fortalecer las pol\u00edticas p\u00fablicas a favor de los Morelianos, dirigidas a disminuir la violencia en el municipio y construir una sociedad m\u00e1s equitativa, es el principal reto as\u00ed lo expres\u00f3 el presidente de la Comisi\u00f3n de Seguridad P\u00fablica y Protecci\u00f3n Civil Wilfrido L\u00e1zaro.<\/p>\n","protected":false},"author":1,"featured_media":25081,"comment_status":"open","ping_status":"open","sticky":false,"template":"","format":"standard","meta":{"footnotes":""},"categories":[6,14,7],"tags":[],"class_list":["post-25080","post","type-post","status-publish","format-standard","has-post-thumbnail","hentry","category-congreso-del-estado","category-destacadas","category-grupo-parlamentario-del-pri"],"_links":{"self":[{"href":"https:\/\/radiowebmx.com\/nota\/wp-json\/wp\/v2\/posts\/25080","targetHints":{"allow":["GET"]}}],"collection":[{"href":"https:\/\/radiowebmx.com\/nota\/wp-json\/wp\/v2\/posts"}],"about":[{"href":"https:\/\/radiowebmx.com\/nota\/wp-json\/wp\/v2\/types\/post"}],"author":[{"embeddable":true,"href":"https:\/\/radiowebmx.com\/nota\/wp-json\/wp\/v2\/users\/1"}],"replies":[{"embeddable":true,"href":"https:\/\/radiowebmx.com\/nota\/wp-json\/wp\/v2\/comments?post=25080"}],"version-history":[{"count":1,"href":"https:\/\/radiowebmx.com\/nota\/wp-json\/wp\/v2\/posts\/25080\/revisions"}],"predecessor-version":[{"id":25082,"href":"https:\/\/radiowebmx.com\/nota\/wp-json\/wp\/v2\/posts\/25080\/revisions\/25082"}],"wp:featuredmedia":[{"embeddable":true,"href":"https:\/\/radiowebmx.com\/nota\/wp-json\/wp\/v2\/media\/25081"}],"wp:attachment":[{"href":"https:\/\/radiowebmx.com\/nota\/wp-json\/wp\/v2\/media?parent=25080"}],"wp:term":[{"taxonomy":"category","embeddable":true,"href":"https:\/\/radiowebmx.com\/nota\/wp-json\/wp\/v2\/categories?post=25080"},{"taxonomy":"post_tag","embeddable":true,"href":"https:\/\/radiowebmx.com\/nota\/wp-json\/wp\/v2\/tags?post=25080"}],"curies":[{"name":"wp","href":"https:\/\/api.w.org\/{rel}","templated":true}]}}