{"id":2502,"date":"2013-05-06T13:59:40","date_gmt":"2013-05-06T18:59:40","guid":{"rendered":"https:\/\/radiowebmx.com\/nota\/?p=2502"},"modified":"2013-05-28T11:45:15","modified_gmt":"2013-05-28T16:45:15","slug":"con-mas-de-un-millon-240-mil-pesos-la-federacion-apoya-a-jovenes-de-michoacan","status":"publish","type":"post","link":"https:\/\/radiowebmx.com\/nota\/con-mas-de-un-millon-240-mil-pesos-la-federacion-apoya-a-jovenes-de-michoacan\/","title":{"rendered":"CON M\u00c1S DE UN MILL\u00d3N 240 MIL PESOS LA FEDERACI\u00d3N APOYA A J\u00d3VENES DE MICHOAC\u00c1N"},"content":{"rendered":"<p><a href=\"https:\/\/radiowebmx.com\/nota\/wp-content\/uploads\/2013\/05\/3.jpg\"><img loading=\"lazy\" decoding=\"async\" class=\"alignleft size-full wp-image-2503\" title=\"3\" src=\"https:\/\/radiowebmx.com\/nota\/wp-content\/uploads\/2013\/05\/3.jpg\" alt=\"\" width=\"591\" height=\"300\" \/><\/a>Con el fin de fortalecer las opciones de apoyo financiero para la ejecuci\u00f3n de obras y realizaci\u00f3n de acciones a favor de la juventud michoacana, la Secretar\u00eda de los J\u00f3venes del estado logr\u00f3 obtener m\u00e1s de un mill\u00f3n 240 mil pesos del Programa de Fortalecimiento de Instancias Estatales, que opera el gobierno federal a trav\u00e9s del Instituto Mexicano de la Juventud (IMJUVE)<\/p>\n<p>&nbsp;<\/p>\n<p>De acuerdo a Jes\u00fas V\u00e1zquez Estupi\u00f1\u00e1n, titular de la SEJOVEN, gracias a este programa se apoyar\u00e1n proyectos concernientes a las \u201cJornadas de Orientaci\u00f3n y Mercado de Trabajo\u201d; las \u201cCaravanas Juveniles de Salud\u201d; la campa\u00f1a permanente de promoci\u00f3n de los valores universales a trav\u00e9s de las artes, \u201cValorarte\u201d; el \u201cD\u00eda Internacional de la Juventud\u201d; \u201cJuventud en Pro del Medio Ambiente\u201d; el \u201cSexto Concurso Estatal de Oratoria\u201d y el Primer Encuentro Compromiso Municipio Joven2013\u201d.<\/p>\n<p>&nbsp;<\/p>\n<p>Explic\u00f3 que la dependencia a su cargo tiene como prop\u00f3sito coordinar esfuerzos con la federaci\u00f3n para beneficio de este sector de la poblaci\u00f3n.<\/p>\n<p>&nbsp;<\/p>\n<p>Es as\u00ed como la SEJOVEN gestion\u00f3 desde inicio de a\u00f1o su inclusi\u00f3n en ocho programas con los que cuenta el IMJUVE, para lo cual ingres\u00f3 los expedientes t\u00e9cnicos respectivos, observando puntualmente el cumplimiento de las reglas de operaci\u00f3n con la asesor\u00eda \u00a0oportuna de los funcionarios federales, para consolidar el trabajo interinstitucional que ambas dependencias realizan desde el a\u00f1o pasado.<\/p>\n<p>&nbsp;<\/p>\n<p>Tradicionalmente, dijo, estos programas han contado con recursos estatales y con la intenci\u00f3n de ampliar su cobertura, se ha solicitado participaci\u00f3n de las partidas que ofrece la federaci\u00f3n, con el objetivo de llegar a m\u00e1s j\u00f3venes beneficiarios.<\/p>\n<p>&nbsp;<\/p>\n<p>Tambi\u00e9n las instancias municipales accedieron a recursos federales, mediante el programa especializado en Ayuntamientos, el cual entrega recursos para su creaci\u00f3n y fortalecimiento. En este programa la SEJOVEN funge como asesor y aval, en el procedimiento de creaci\u00f3n y funcionamiento de los mismos.<\/p>\n<p>&nbsp;<\/p>\n<p>De manera adicional, se implementar\u00e1n en Michoac\u00e1n los concursos de \u201cDebate Pol\u00edtico\u201d, y \u201cCarta a mis padres\u201d, que forman parte del cap\u00edtulo: Est\u00edmulos a la Juventud del IMJUVE y en los que Michoac\u00e1n podr\u00e1 mostrar los talentos juveniles en la comunicaci\u00f3n oral y escrita, as\u00ed como en la promoci\u00f3n de ideales y valores fundamentales, tales como la libertad de expresi\u00f3n y la integraci\u00f3n familiar.<\/p>\n<p>&nbsp;<\/p>\n<p>En el \u00e1rea de Desarrollo Econ\u00f3mico se apoyar\u00e1 a organizaciones sociales, a trav\u00e9s del programa \u201cImpulso M\u00e9xico\u201d, mismo que otorga hasta 150 mil pesos a grupos de la sociedad civil que generen proyectos en beneficio de su comunidad. De manera directa la Secretar\u00eda de los J\u00f3venes ejercer\u00e1 200 mil pesos del programa Emprendedores Juveniles 2013.<\/p>\n<p>&nbsp;<\/p>\n<p>El Programa \u201cS\u00e9 Joven\u201d, que se trasmite todos los jueves a las 18:00 hrs. por la se\u00f1al FM del Sistema Michoacano de Radio y Televisi\u00f3n, recientemente se incluy\u00f3 en la Red Poder Joven de Radio y Televisi\u00f3n. A trav\u00e9s de este espacio, j\u00f3venes comunicadores ponen en pr\u00e1ctica los conocimientos adquiridos en las aulas y los radioescuchas toman conocimiento sobre los diversos programas con que cuentan tanto el IMJUVE, como la SEJOVEN, con este convenio, la dependencia recibir\u00e1 60 mil pesos, recurso que ser\u00e1 asignado a quienes se involucren en la producci\u00f3n del programa.<\/p>\n<p>&nbsp;<\/p>\n<p>La creaci\u00f3n de \u201cEspacios Poder Joven\u201d en los distintos municipios tambi\u00e9n ha arrojado buenos resultados. Para el presente a\u00f1o se suman 17 Ayuntamientos m\u00e1s, que buscan establecer una de estas sedes, mediante las cuales se promueven actividades art\u00edsticas, culturales, acad\u00e9micas y de tecnolog\u00eda, a manera de centros interactivos juveniles.<\/p>\n<p>&nbsp;<\/p>\n<p>Cabe recordar que desde inicio del 2013 se continu\u00f3 el proceso de afiliaci\u00f3n de empresas locales, que se suman al padr\u00f3n de negocios que otorgan descuentos especiales a los portadores de la \u201cTarjeta Poder Joven\u201d, cumpli\u00e9ndose as\u00ed, el doble objetivo de acercar al sector, productos y servicios a precios accesibles y a su vez reactivar el consumo entre las empresas locales, generando esquemas de lealtad.<\/p>\n<p>&nbsp;<\/p>\n<p>La SEJOVEN ha mantenido un rumbo de trabajo constante a lo largo de los primeros meses del a\u00f1o realizando m\u00faltiples actividades de atenci\u00f3n a este sector estrat\u00e9gico de la poblaci\u00f3n, con acciones concretas en materia de salud, educaci\u00f3n, econom\u00eda, trabajo y participaci\u00f3n social.<\/p>\n<p>&nbsp;<\/p>\n<p>Un mill\u00f3n y medio de j\u00f3venes de la entidad motivan el trabajo cotidiano y entusiasta de esta dependencia; la creatividad, la gesti\u00f3n, el servicio y la labor de equipo, son las premisas que impulsan el trabajo comprometido en beneficio de la juventud michoacana.<\/p>\n<p>&nbsp;<\/p>\n","protected":false},"excerpt":{"rendered":"<p>Con el fin de fortalecer las opciones de apoyo financiero para la ejecuci\u00f3n de obras y realizaci\u00f3n de acciones a favor de la juventud michoacana, la Secretar\u00eda de los J\u00f3venes del estado logr\u00f3 obtener m\u00e1s de un mill\u00f3n 240 mil pesos del Programa de Fortalecimiento de Instancias Estatales, que opera el gobierno federal a trav\u00e9s del Instituto Mexicano de la Juventud (IMJUVE)<\/p>\n","protected":false},"author":1,"featured_media":0,"comment_status":"open","ping_status":"open","sticky":false,"template":"","format":"standard","meta":{"footnotes":""},"categories":[14,3],"tags":[],"class_list":["post-2502","post","type-post","status-publish","format-standard","hentry","category-destacadas","category-gobierno-del-estado-de-michoacan"],"_links":{"self":[{"href":"https:\/\/radiowebmx.com\/nota\/wp-json\/wp\/v2\/posts\/2502","targetHints":{"allow":["GET"]}}],"collection":[{"href":"https:\/\/radiowebmx.com\/nota\/wp-json\/wp\/v2\/posts"}],"about":[{"href":"https:\/\/radiowebmx.com\/nota\/wp-json\/wp\/v2\/types\/post"}],"author":[{"embeddable":true,"href":"https:\/\/radiowebmx.com\/nota\/wp-json\/wp\/v2\/users\/1"}],"replies":[{"embeddable":true,"href":"https:\/\/radiowebmx.com\/nota\/wp-json\/wp\/v2\/comments?post=2502"}],"version-history":[{"count":2,"href":"https:\/\/radiowebmx.com\/nota\/wp-json\/wp\/v2\/posts\/2502\/revisions"}],"predecessor-version":[{"id":2730,"href":"https:\/\/radiowebmx.com\/nota\/wp-json\/wp\/v2\/posts\/2502\/revisions\/2730"}],"wp:attachment":[{"href":"https:\/\/radiowebmx.com\/nota\/wp-json\/wp\/v2\/media?parent=2502"}],"wp:term":[{"taxonomy":"category","embeddable":true,"href":"https:\/\/radiowebmx.com\/nota\/wp-json\/wp\/v2\/categories?post=2502"},{"taxonomy":"post_tag","embeddable":true,"href":"https:\/\/radiowebmx.com\/nota\/wp-json\/wp\/v2\/tags?post=2502"}],"curies":[{"name":"wp","href":"https:\/\/api.w.org\/{rel}","templated":true}]}}