{"id":25017,"date":"2016-08-01T13:02:58","date_gmt":"2016-08-01T18:02:58","guid":{"rendered":"https:\/\/radiowebmx.com\/nota\/?p=25017"},"modified":"2016-08-01T13:02:58","modified_gmt":"2016-08-01T18:02:58","slug":"por-iniciar-los-informes-de-gobierno-de-los-presidentes-municipales-de-michoacan","status":"publish","type":"post","link":"https:\/\/radiowebmx.com\/nota\/por-iniciar-los-informes-de-gobierno-de-los-presidentes-municipales-de-michoacan\/","title":{"rendered":"Por iniciar, los Informes de Gobierno de los presidentes municipales de Michoac\u00e1n"},"content":{"rendered":"<p><a href=\"https:\/\/radiowebmx.com\/nota\/wp-content\/uploads\/2016\/08\/e38306eb-bfa3-47da-8897-9b4b1765c3b9.jpg\"><img loading=\"lazy\" decoding=\"async\" class=\"alignleft size-full wp-image-25018\" src=\"https:\/\/radiowebmx.com\/nota\/wp-content\/uploads\/2016\/08\/e38306eb-bfa3-47da-8897-9b4b1765c3b9.jpg\" alt=\"e38306eb-bfa3-47da-8897-9b4b1765c3b9\" width=\"591\" height=\"339\" srcset=\"https:\/\/radiowebmx.com\/nota\/wp-content\/uploads\/2016\/08\/e38306eb-bfa3-47da-8897-9b4b1765c3b9.jpg 591w, https:\/\/radiowebmx.com\/nota\/wp-content\/uploads\/2016\/08\/e38306eb-bfa3-47da-8897-9b4b1765c3b9-300x172.jpg 300w, https:\/\/radiowebmx.com\/nota\/wp-content\/uploads\/2016\/08\/e38306eb-bfa3-47da-8897-9b4b1765c3b9-128x72.jpg 128w\" sizes=\"auto, (max-width: 591px) 100vw, 591px\" \/><\/a>El pr\u00f3ximo 4 de agosto inician los Informes de Gobierno de las y los presidentes municipales michoacanos con el objetivo de hacer del conocimiento de la poblaci\u00f3n cu\u00e1l es el estado que guardan sus administraciones a un a\u00f1o de haber iniciado funciones, y en cumplimiento a la responsabilidad que establece la Constituci\u00f3n Pol\u00edtica del Estado de Michoac\u00e1n de Ocampo y la Ley Org\u00e1nica Municipal del Estado.<\/p>\n<p>Del 4 al 15 de agosto las y los alcaldes rendir\u00e1n cuentas a la poblaci\u00f3n, durante este periodo, tendr\u00e1n la oportunidad de difundir las acciones, programas y obras que en el a\u00f1o anterior inmediato llevaron a cabo las administraciones que encabezan.<\/p>\n<p>Al respecto, el titular del Centro Estatal para el Desarrollo Municipal (Cedemun), Carlos Paredes Correa, destac\u00f3 que en mayo y junio pasados la Direcci\u00f3n de Capacitaci\u00f3n realiz\u00f3 una serie de talleres en todo el estado para explicarles a las autoridades municipales los elementos que deben contener sus Informes de Gobierno.<\/p>\n<p>Los cuales ser\u00e1n din\u00e1micos y concisos, y se busca que sean el parteaguas para que la poblaci\u00f3n incremente su participaci\u00f3n en la toma de decisiones.<\/p>\n<p>Con capacitaci\u00f3n para el buen cumplimiento de las obligaciones y responsabilidades de las autoridades municipales, el Gobierno del Estado coadyuva en el buen desarrollo de las administraciones p\u00fablicas municipales.<\/p>\n","protected":false},"excerpt":{"rendered":"<p>El pr\u00f3ximo 4 de agosto inician los Informes de Gobierno de las y los presidentes municipales michoacanos con el objetivo de hacer del conocimiento de la poblaci\u00f3n cu\u00e1l es el estado que guardan sus administraciones a un a\u00f1o de haber iniciado funciones, <\/p>\n","protected":false},"author":1,"featured_media":25018,"comment_status":"open","ping_status":"open","sticky":false,"template":"","format":"standard","meta":{"footnotes":""},"categories":[14,3],"tags":[],"class_list":["post-25017","post","type-post","status-publish","format-standard","has-post-thumbnail","hentry","category-destacadas","category-gobierno-del-estado-de-michoacan"],"_links":{"self":[{"href":"https:\/\/radiowebmx.com\/nota\/wp-json\/wp\/v2\/posts\/25017","targetHints":{"allow":["GET"]}}],"collection":[{"href":"https:\/\/radiowebmx.com\/nota\/wp-json\/wp\/v2\/posts"}],"about":[{"href":"https:\/\/radiowebmx.com\/nota\/wp-json\/wp\/v2\/types\/post"}],"author":[{"embeddable":true,"href":"https:\/\/radiowebmx.com\/nota\/wp-json\/wp\/v2\/users\/1"}],"replies":[{"embeddable":true,"href":"https:\/\/radiowebmx.com\/nota\/wp-json\/wp\/v2\/comments?post=25017"}],"version-history":[{"count":1,"href":"https:\/\/radiowebmx.com\/nota\/wp-json\/wp\/v2\/posts\/25017\/revisions"}],"predecessor-version":[{"id":25019,"href":"https:\/\/radiowebmx.com\/nota\/wp-json\/wp\/v2\/posts\/25017\/revisions\/25019"}],"wp:featuredmedia":[{"embeddable":true,"href":"https:\/\/radiowebmx.com\/nota\/wp-json\/wp\/v2\/media\/25018"}],"wp:attachment":[{"href":"https:\/\/radiowebmx.com\/nota\/wp-json\/wp\/v2\/media?parent=25017"}],"wp:term":[{"taxonomy":"category","embeddable":true,"href":"https:\/\/radiowebmx.com\/nota\/wp-json\/wp\/v2\/categories?post=25017"},{"taxonomy":"post_tag","embeddable":true,"href":"https:\/\/radiowebmx.com\/nota\/wp-json\/wp\/v2\/tags?post=25017"}],"curies":[{"name":"wp","href":"https:\/\/api.w.org\/{rel}","templated":true}]}}