{"id":25014,"date":"2016-08-01T12:59:24","date_gmt":"2016-08-01T17:59:24","guid":{"rendered":"https:\/\/radiowebmx.com\/nota\/?p=25014"},"modified":"2016-08-01T12:59:24","modified_gmt":"2016-08-01T17:59:24","slug":"reforestan-las-areas-verdes-del-centro-de-convenciones","status":"publish","type":"post","link":"https:\/\/radiowebmx.com\/nota\/reforestan-las-areas-verdes-del-centro-de-convenciones\/","title":{"rendered":"Reforestan las \u00e1reas verdes del Centro de Convenciones"},"content":{"rendered":"<p><a href=\"https:\/\/radiowebmx.com\/nota\/wp-content\/uploads\/2016\/08\/85c3f5cb-8d29-410e-9d79-69112770fc0a.jpg\"><img loading=\"lazy\" decoding=\"async\" class=\"alignleft size-full wp-image-25015\" src=\"https:\/\/radiowebmx.com\/nota\/wp-content\/uploads\/2016\/08\/85c3f5cb-8d29-410e-9d79-69112770fc0a.jpg\" alt=\"85c3f5cb-8d29-410e-9d79-69112770fc0a\" width=\"591\" height=\"363\" srcset=\"https:\/\/radiowebmx.com\/nota\/wp-content\/uploads\/2016\/08\/85c3f5cb-8d29-410e-9d79-69112770fc0a.jpg 591w, https:\/\/radiowebmx.com\/nota\/wp-content\/uploads\/2016\/08\/85c3f5cb-8d29-410e-9d79-69112770fc0a-300x184.jpg 300w\" sizes=\"auto, (max-width: 591px) 100vw, 591px\" \/><\/a>Encabezados por su director general, \u00d3scar Celis Silva, personal directivo y de Jardiner\u00eda del Centro de Convenciones y Exposiciones (Ceconexpo) de Morelia llevaron a cabo una jornada de reforestaci\u00f3n en las \u00e1reas verdes del inmueble.<\/p>\n<p>Fueron plantados 50 \u00e1rbolitos y colocados mensajes en los que se invita a las y los visitantes del Ceconexpo a realizar actividades f\u00edsicas y reacreativas, as\u00ed como de conservaci\u00f3n del medio ambiente.<\/p>\n<p>Con esta actividad, el Ceconexpo da cumplimiento a las instrucciones del Gobernador del Estado, Silvano Aureoles Conejo, de\u00a0crear sinergias y fortalecer el aprovechamiento sustentable y la restauraci\u00f3n del patrimonio natural.<\/p>\n<p>Oscar Celis destac\u00f3 que con este tipo de actividades las y los michoacanos pueden disfrutar de un ambiente sano y una mejor calidad de vida.<\/p>\n<p>Reconoci\u00f3 el valioso apoyo del personal que colabor\u00f3 en esta actividad, en especial a los trabajadores de Jardiner\u00eda, que mantienen las \u00e1reas verdes del inmueble en excelente estado.<\/p>\n<p>Asimismo, el\u00a0director general del Ceconexpo agradeci\u00f3 a la Comisi\u00f3n Forestal del Estado de Michoac\u00e1n (Cofom) y a la Direcci\u00f3n de Medio Ambiente y Sustentabilidad del Ayuntamiento de Morelia por la donaci\u00f3n de los arbolitos.<\/p>\n","protected":false},"excerpt":{"rendered":"<p>Encabezados por su director general, \u00d3scar Celis Silva, personal directivo y de Jardiner\u00eda del Ceconexpo de Morelia llevaron a cabo una jornada de reforestaci\u00f3n en las \u00e1reas verdes del inmueble.<\/p>\n","protected":false},"author":1,"featured_media":25015,"comment_status":"open","ping_status":"open","sticky":false,"template":"","format":"standard","meta":{"footnotes":""},"categories":[14,3],"tags":[],"class_list":["post-25014","post","type-post","status-publish","format-standard","has-post-thumbnail","hentry","category-destacadas","category-gobierno-del-estado-de-michoacan"],"_links":{"self":[{"href":"https:\/\/radiowebmx.com\/nota\/wp-json\/wp\/v2\/posts\/25014","targetHints":{"allow":["GET"]}}],"collection":[{"href":"https:\/\/radiowebmx.com\/nota\/wp-json\/wp\/v2\/posts"}],"about":[{"href":"https:\/\/radiowebmx.com\/nota\/wp-json\/wp\/v2\/types\/post"}],"author":[{"embeddable":true,"href":"https:\/\/radiowebmx.com\/nota\/wp-json\/wp\/v2\/users\/1"}],"replies":[{"embeddable":true,"href":"https:\/\/radiowebmx.com\/nota\/wp-json\/wp\/v2\/comments?post=25014"}],"version-history":[{"count":1,"href":"https:\/\/radiowebmx.com\/nota\/wp-json\/wp\/v2\/posts\/25014\/revisions"}],"predecessor-version":[{"id":25016,"href":"https:\/\/radiowebmx.com\/nota\/wp-json\/wp\/v2\/posts\/25014\/revisions\/25016"}],"wp:featuredmedia":[{"embeddable":true,"href":"https:\/\/radiowebmx.com\/nota\/wp-json\/wp\/v2\/media\/25015"}],"wp:attachment":[{"href":"https:\/\/radiowebmx.com\/nota\/wp-json\/wp\/v2\/media?parent=25014"}],"wp:term":[{"taxonomy":"category","embeddable":true,"href":"https:\/\/radiowebmx.com\/nota\/wp-json\/wp\/v2\/categories?post=25014"},{"taxonomy":"post_tag","embeddable":true,"href":"https:\/\/radiowebmx.com\/nota\/wp-json\/wp\/v2\/tags?post=25014"}],"curies":[{"name":"wp","href":"https:\/\/api.w.org\/{rel}","templated":true}]}}