{"id":25011,"date":"2016-08-01T12:55:55","date_gmt":"2016-08-01T17:55:55","guid":{"rendered":"https:\/\/radiowebmx.com\/nota\/?p=25011"},"modified":"2016-08-01T12:55:55","modified_gmt":"2016-08-01T17:55:55","slug":"destaca-iifeem-inversiones-en-el-nivel-medio-superior-y-superior","status":"publish","type":"post","link":"https:\/\/radiowebmx.com\/nota\/destaca-iifeem-inversiones-en-el-nivel-medio-superior-y-superior\/","title":{"rendered":"Destaca IIFEEM inversiones en el nivel medio superior y superior"},"content":{"rendered":"<p><a href=\"https:\/\/radiowebmx.com\/nota\/wp-content\/uploads\/2016\/08\/0378b80b-8a49-4531-86aa-1cb73c9938ae.jpg\"><img loading=\"lazy\" decoding=\"async\" class=\"alignleft size-full wp-image-25012\" src=\"https:\/\/radiowebmx.com\/nota\/wp-content\/uploads\/2016\/08\/0378b80b-8a49-4531-86aa-1cb73c9938ae.jpg\" alt=\"0378b80b-8a49-4531-86aa-1cb73c9938ae\" width=\"591\" height=\"346\" srcset=\"https:\/\/radiowebmx.com\/nota\/wp-content\/uploads\/2016\/08\/0378b80b-8a49-4531-86aa-1cb73c9938ae.jpg 591w, https:\/\/radiowebmx.com\/nota\/wp-content\/uploads\/2016\/08\/0378b80b-8a49-4531-86aa-1cb73c9938ae-300x176.jpg 300w\" sizes=\"auto, (max-width: 591px) 100vw, 591px\" \/><\/a>El Instituto de la Infraestructura F\u00edsica Educativa del Estado de Michoac\u00e1n (IIFEEM) no s\u00f3lo atiende al nivel b\u00e1sico, que comprende preescolar, primaria y secundaria, sino tambi\u00e9n al nivel medio superior y superior a trav\u00e9s del Programa Escuelas al CIEN y el Fondo de Aportaciones M\u00faltiples (FAM), destac\u00f3 su titular, Mar\u00eda Guadalupe D\u00edaz Chagolla.<\/p>\n<p>Al respecto, la funcionaria estatal detall\u00f3 que este 2016 ser\u00e1n invertidos m\u00e1s de 230 millones de pesos en el nivel\u00a0\u00a0medio superior y superior, de los cuales, 160 millones de pesos fueron obtenidos por el convenio entre el estado y la Federaci\u00f3n del Programa Escuelas al CIEN y m\u00e1s de 50 millones de pesos del FAM.<\/p>\n<p>D\u00edaz Chagolla destac\u00f3 el caso de la Universidad Michoacana de San Nicol\u00e1s de Hidalgo (UMSNH), instituci\u00f3n con la que se firm\u00f3 el convenio de colaboraci\u00f3n de dicho programa correspondiente al ejercicio 2015 y mediante el cual se llevar\u00e1n a cabo\u00a0acciones de construcci\u00f3n por el orden de 24 millones 580 mil pesos.<\/p>\n<p>En este sentido, la titular del IIFEEM anticip\u00f3 que en los pr\u00f3ximos d\u00edas se firmar\u00e1 el convenio Escuelas al CIEN 2016 con la UMSNH, con el que se tiene proyectada una inversi\u00f3n de m\u00e1s de 18 millones de pesos.<\/p>\n<p>Explic\u00f3 que adem\u00e1s de los casi 43 millones de pesos en beneficio de la UMSNH mediante los convenios antes mencionados, se realizar\u00e1 una inversi\u00f3n por el orden de los 27 millones 852 mil 254 pesos a trav\u00e9s del convenio de colaboraci\u00f3n FAM 2016, que ser\u00e1n invertidos para la construcci\u00f3n de aulas, cub\u00edculos y laboratorios de la Unidad de Ciencias Ingenier\u00eda y Humanidades, el \u00e1rea de Salud Agropecuaria Forestal y la DES de Ciencias Biol\u00f3gicas y Agropecuarias.<\/p>\n<p>Por \u00faltimo, D\u00edaz Chagolla subray\u00f3 que en lo que va de la administraci\u00f3n que encabeza el Gobernador Silvano Aureoles Conejo se han dado pasos agigantados en la mejora de la infraestructura educativa en el estado.<\/p>\n","protected":false},"excerpt":{"rendered":"<p>El IIFEEM no s\u00f3lo atiende al nivel b\u00e1sico, que comprende preescolar, primaria y secundaria, sino tambi\u00e9n al nivel medio superior y superior a trav\u00e9s del Programa Escuelas al CIEN y el FAM, destac\u00f3 su titular, Mar\u00eda Guadalupe D\u00edaz Chagolla.<\/p>\n","protected":false},"author":1,"featured_media":25012,"comment_status":"open","ping_status":"open","sticky":false,"template":"","format":"standard","meta":{"footnotes":""},"categories":[14,3],"tags":[],"class_list":["post-25011","post","type-post","status-publish","format-standard","has-post-thumbnail","hentry","category-destacadas","category-gobierno-del-estado-de-michoacan"],"_links":{"self":[{"href":"https:\/\/radiowebmx.com\/nota\/wp-json\/wp\/v2\/posts\/25011","targetHints":{"allow":["GET"]}}],"collection":[{"href":"https:\/\/radiowebmx.com\/nota\/wp-json\/wp\/v2\/posts"}],"about":[{"href":"https:\/\/radiowebmx.com\/nota\/wp-json\/wp\/v2\/types\/post"}],"author":[{"embeddable":true,"href":"https:\/\/radiowebmx.com\/nota\/wp-json\/wp\/v2\/users\/1"}],"replies":[{"embeddable":true,"href":"https:\/\/radiowebmx.com\/nota\/wp-json\/wp\/v2\/comments?post=25011"}],"version-history":[{"count":1,"href":"https:\/\/radiowebmx.com\/nota\/wp-json\/wp\/v2\/posts\/25011\/revisions"}],"predecessor-version":[{"id":25013,"href":"https:\/\/radiowebmx.com\/nota\/wp-json\/wp\/v2\/posts\/25011\/revisions\/25013"}],"wp:featuredmedia":[{"embeddable":true,"href":"https:\/\/radiowebmx.com\/nota\/wp-json\/wp\/v2\/media\/25012"}],"wp:attachment":[{"href":"https:\/\/radiowebmx.com\/nota\/wp-json\/wp\/v2\/media?parent=25011"}],"wp:term":[{"taxonomy":"category","embeddable":true,"href":"https:\/\/radiowebmx.com\/nota\/wp-json\/wp\/v2\/categories?post=25011"},{"taxonomy":"post_tag","embeddable":true,"href":"https:\/\/radiowebmx.com\/nota\/wp-json\/wp\/v2\/tags?post=25011"}],"curies":[{"name":"wp","href":"https:\/\/api.w.org\/{rel}","templated":true}]}}