{"id":25001,"date":"2016-07-29T13:32:55","date_gmt":"2016-07-29T18:32:55","guid":{"rendered":"https:\/\/radiowebmx.com\/nota\/?p=25001"},"modified":"2016-07-29T13:32:55","modified_gmt":"2016-07-29T18:32:55","slug":"la-comunidad-de-la-utm-comprometida-con-el-medio-ambiente","status":"publish","type":"post","link":"https:\/\/radiowebmx.com\/nota\/la-comunidad-de-la-utm-comprometida-con-el-medio-ambiente\/","title":{"rendered":"La comunidad de la UTM, comprometida con el medio ambiente"},"content":{"rendered":"<p><a href=\"https:\/\/radiowebmx.com\/nota\/wp-content\/uploads\/2016\/07\/63d55b40-e745-405a-9cb4-c69924f0b086.jpg\"><img loading=\"lazy\" decoding=\"async\" class=\"alignleft size-full wp-image-25002\" src=\"https:\/\/radiowebmx.com\/nota\/wp-content\/uploads\/2016\/07\/63d55b40-e745-405a-9cb4-c69924f0b086.jpg\" alt=\"63d55b40-e745-405a-9cb4-c69924f0b086\" width=\"591\" height=\"353\" srcset=\"https:\/\/radiowebmx.com\/nota\/wp-content\/uploads\/2016\/07\/63d55b40-e745-405a-9cb4-c69924f0b086.jpg 591w, https:\/\/radiowebmx.com\/nota\/wp-content\/uploads\/2016\/07\/63d55b40-e745-405a-9cb4-c69924f0b086-300x179.jpg 300w\" sizes=\"auto, (max-width: 591px) 100vw, 591px\" \/><\/a>Estudiantes, personal docente y administrativo de la Universidad Tecnol\u00f3gica de Morelia (UTM), coordinados por autoridades de la instituci\u00f3n, as\u00ed como elementos de la Divisi\u00f3n de Gendarmer\u00eda de la Polic\u00eda Federal, llevaron a cabo la Tercera Jornada de Servicio Comunitario, en la que plantaron mil arbolitos.<\/p>\n<p>El rector de la UTM, Jos\u00e9 Hern\u00e1ndez Arreola, coment\u00f3 que \u00e9ste es el inicio de un plan de trabajo integral enfocando en restaurar y construir \u00e1reas verdes al interior y los alrededores de la instituci\u00f3n en coordinaci\u00f3n con las diferentes instancias competentes en el ramo, con el objetivo de fomentar en las y los estudiantes un esp\u00edritu de cuidado y protecci\u00f3n al medio ambiente.<\/p>\n<p>Alrededor de 500 participantes estuvieron convocados para esta jornada, en la que fueron plantados cedros blancos en la mayor parte del cerco perimetral de la UTM.<\/p>\n<p>Otro de los objetivos de esta actividad fue tambi\u00e9n lograr que la comunidad universitaria se integre en una actividad com\u00fan de car\u00e1cter humanista, ecol\u00f3gico, social y de servicio, adem\u00e1s de contar con espacios verdes y generar una sana convivencia.<\/p>\n","protected":false},"excerpt":{"rendered":"<p>Estudiantes, personal docente y administrativo de la UTM, coordinados por autoridades de la instituci\u00f3n, as\u00ed como elementos de la Divisi\u00f3n de Gendarmer\u00eda de la Polic\u00eda Federal, llevaron a cabo la Tercera Jornada de Servicio Comunitario, en la que plantaron mil arbolitos.<\/p>\n","protected":false},"author":1,"featured_media":25002,"comment_status":"open","ping_status":"open","sticky":false,"template":"","format":"standard","meta":{"footnotes":""},"categories":[14,3],"tags":[],"class_list":["post-25001","post","type-post","status-publish","format-standard","has-post-thumbnail","hentry","category-destacadas","category-gobierno-del-estado-de-michoacan"],"_links":{"self":[{"href":"https:\/\/radiowebmx.com\/nota\/wp-json\/wp\/v2\/posts\/25001","targetHints":{"allow":["GET"]}}],"collection":[{"href":"https:\/\/radiowebmx.com\/nota\/wp-json\/wp\/v2\/posts"}],"about":[{"href":"https:\/\/radiowebmx.com\/nota\/wp-json\/wp\/v2\/types\/post"}],"author":[{"embeddable":true,"href":"https:\/\/radiowebmx.com\/nota\/wp-json\/wp\/v2\/users\/1"}],"replies":[{"embeddable":true,"href":"https:\/\/radiowebmx.com\/nota\/wp-json\/wp\/v2\/comments?post=25001"}],"version-history":[{"count":1,"href":"https:\/\/radiowebmx.com\/nota\/wp-json\/wp\/v2\/posts\/25001\/revisions"}],"predecessor-version":[{"id":25003,"href":"https:\/\/radiowebmx.com\/nota\/wp-json\/wp\/v2\/posts\/25001\/revisions\/25003"}],"wp:featuredmedia":[{"embeddable":true,"href":"https:\/\/radiowebmx.com\/nota\/wp-json\/wp\/v2\/media\/25002"}],"wp:attachment":[{"href":"https:\/\/radiowebmx.com\/nota\/wp-json\/wp\/v2\/media?parent=25001"}],"wp:term":[{"taxonomy":"category","embeddable":true,"href":"https:\/\/radiowebmx.com\/nota\/wp-json\/wp\/v2\/categories?post=25001"},{"taxonomy":"post_tag","embeddable":true,"href":"https:\/\/radiowebmx.com\/nota\/wp-json\/wp\/v2\/tags?post=25001"}],"curies":[{"name":"wp","href":"https:\/\/api.w.org\/{rel}","templated":true}]}}