{"id":24998,"date":"2016-07-29T13:29:54","date_gmt":"2016-07-29T18:29:54","guid":{"rendered":"https:\/\/radiowebmx.com\/nota\/?p=24998"},"modified":"2016-07-29T13:29:54","modified_gmt":"2016-07-29T18:29:54","slug":"un-golpe-en-la-mesa-es-lo-que-ocupa-el-gobernador-con-su-equipo-de-trabajo-wilfrido-lazaro-medina","status":"publish","type":"post","link":"https:\/\/radiowebmx.com\/nota\/un-golpe-en-la-mesa-es-lo-que-ocupa-el-gobernador-con-su-equipo-de-trabajo-wilfrido-lazaro-medina\/","title":{"rendered":"\u201cUn Golpe en la mesa es lo que ocupa el gobernador con su equipo de trabajo\u201d Wilfrido L\u00e1zaro Medina."},"content":{"rendered":"<p><a href=\"https:\/\/radiowebmx.com\/nota\/wp-content\/uploads\/2016\/07\/IMG_5931-1.jpg\"><img loading=\"lazy\" decoding=\"async\" class=\"alignleft size-full wp-image-24999\" src=\"https:\/\/radiowebmx.com\/nota\/wp-content\/uploads\/2016\/07\/IMG_5931-1.jpg\" alt=\"IMG_5931 (1)\" width=\"591\" height=\"363\" srcset=\"https:\/\/radiowebmx.com\/nota\/wp-content\/uploads\/2016\/07\/IMG_5931-1.jpg 591w, https:\/\/radiowebmx.com\/nota\/wp-content\/uploads\/2016\/07\/IMG_5931-1-300x184.jpg 300w\" sizes=\"auto, (max-width: 591px) 100vw, 591px\" \/><\/a>Un Golpe en la mesa es lo que ocupa el gobernador con su equipo de trabajo. Le deben de dar buenas cuentas o dejar los espacios para quienes tengan conocimiento, capacidad operativa y voluntad de hacer las cosas. La expresi\u00f3n anterior fue en respuesta al clima de inseguridad que vive Michoac\u00e1n.<\/p>\n<p>Los problemas no se van a acabar por s\u00ed mismos si es que creen que con el paso del tiempo, por cansancio u olvido la gente evitar\u00e1 el conflicto. Al contrario, se agudizar\u00e1n m\u00e1s los problemas si no tienen soluci\u00f3n a corto plazo y seguir\u00e1n da\u00f1ando la econom\u00eda, el empleo,la seguridad y\u00a0 por consecuencia la percepci\u00f3n de un estado en franca anarqu\u00eda se acrecentar\u00e1, as\u00ed se expres\u00f3 el Dip. Wilfrido L\u00e1zaro Medina, Presidente de la Comisi\u00f3n\u00a0 de\u00a0 Seguridad P\u00fablica y Protecci\u00f3n Civil, ante la creciente ola de violencia que vive Michoac\u00e1n.<\/p>\n<p>&nbsp;<\/p>\n<p>Mientras siga sometido el Estado a posiciones irreductibles y sin sentido de corresponsabilidad por parte de grupos antagonistas y a su vez, no asuma su papel para crear gobernabilidad y gobernanza, de nada servir\u00e1n los discursos y la pretensi\u00f3n de generar una percepci\u00f3n basada en cuentas alegres porque la sociedad ya se dio cuenta de que s\u00f3lo son palabras y con estas muchas justificaciones.<\/p>\n<p>&nbsp;<\/p>\n<p>A diez meses ya de gesti\u00f3n del actual gobierno\u00a0 del estado, lo \u00fanico que se observa por parte del Titular del Poder Ejecutivo es una necesidad imperativa de crear una percepci\u00f3n de que las cosas est\u00e1n muy bien en Michoac\u00e1n, sin embargo, no es ignorando los problemas como vamos a salir adelante, asegur\u00f3 quien a su vez ya fue presidente municipal de la capital Michoacana.<\/p>\n<p>&nbsp;<\/p>\n<p>L\u00e1zaro Medina asegur\u00f3 que la atenci\u00f3n a la Seguridad ciudadana es evidente que requiere de una nueva estrategia que si de resultados, debido a que\u00a0 los delitos del fuero com\u00fan han crecido exponencialmente, en todo el territorio, pues no tenemos polic\u00eda de proximidad\u00a0 en las calles del estado, ni una verdadera coordinaci\u00f3n con los municipios para atender el problema de la inseguridad coordinadamente.<\/p>\n<p>&nbsp;<\/p>\n<p>Crear la percepci\u00f3n de que estamos seguros s\u00f3lo porque se trae a los polic\u00edas como &#8220;vallas humanas&#8221; atendiendo o conteniendo, los movimientos sociales, ha servido s\u00f3lo para dejar a sus anchas delincuentes que rob\u00e1ndonos violencia a los j\u00f3venes al salir de sus escuelas, amas de casa en el mercado; veh\u00edculos estacionados y a mano armada se los quitan a los conductores, o entran a\u00a0 casas habitaci\u00f3n a plena luz del d\u00eda.<\/p>\n<p>A diez meses de gobierno no se observa capacidad del gobierno para generar condiciones diferentes en la entidad. La inseguridad, as\u00ed como la inconformidad del sector productivo y de los prestadores de servicio, adem\u00e1s de la falta de entendimiento con el sector educativo y otros que se manifiestan cotidianamente, hacen previsible en ambiente nulo de inversi\u00f3n y nuevos empleos para el estado, adem\u00e1s de una creciente percepci\u00f3n de que el estado vive en franca anarqu\u00eda.<\/p>\n<p>Un golpe en la mesa y decisiones contundentes en el fortalecimiento de su equipo es lo que ocupa el gobernador para generar los resultados que necesita Michoac\u00e1n y que evidentemente no se est\u00e1n dando. Finaliz\u00f3.<\/p>\n","protected":false},"excerpt":{"rendered":"<p>Un Golpe en la mesa es lo que ocupa el gobernador con su equipo de trabajo. Le deben de dar buenas cuentas o dejar los espacios para quienes tengan conocimiento, capacidad operativa y voluntad de hacer las cosas. <\/p>\n","protected":false},"author":1,"featured_media":24999,"comment_status":"open","ping_status":"open","sticky":false,"template":"","format":"standard","meta":{"footnotes":""},"categories":[14,3],"tags":[],"class_list":["post-24998","post","type-post","status-publish","format-standard","has-post-thumbnail","hentry","category-destacadas","category-gobierno-del-estado-de-michoacan"],"_links":{"self":[{"href":"https:\/\/radiowebmx.com\/nota\/wp-json\/wp\/v2\/posts\/24998","targetHints":{"allow":["GET"]}}],"collection":[{"href":"https:\/\/radiowebmx.com\/nota\/wp-json\/wp\/v2\/posts"}],"about":[{"href":"https:\/\/radiowebmx.com\/nota\/wp-json\/wp\/v2\/types\/post"}],"author":[{"embeddable":true,"href":"https:\/\/radiowebmx.com\/nota\/wp-json\/wp\/v2\/users\/1"}],"replies":[{"embeddable":true,"href":"https:\/\/radiowebmx.com\/nota\/wp-json\/wp\/v2\/comments?post=24998"}],"version-history":[{"count":1,"href":"https:\/\/radiowebmx.com\/nota\/wp-json\/wp\/v2\/posts\/24998\/revisions"}],"predecessor-version":[{"id":25000,"href":"https:\/\/radiowebmx.com\/nota\/wp-json\/wp\/v2\/posts\/24998\/revisions\/25000"}],"wp:featuredmedia":[{"embeddable":true,"href":"https:\/\/radiowebmx.com\/nota\/wp-json\/wp\/v2\/media\/24999"}],"wp:attachment":[{"href":"https:\/\/radiowebmx.com\/nota\/wp-json\/wp\/v2\/media?parent=24998"}],"wp:term":[{"taxonomy":"category","embeddable":true,"href":"https:\/\/radiowebmx.com\/nota\/wp-json\/wp\/v2\/categories?post=24998"},{"taxonomy":"post_tag","embeddable":true,"href":"https:\/\/radiowebmx.com\/nota\/wp-json\/wp\/v2\/tags?post=24998"}],"curies":[{"name":"wp","href":"https:\/\/api.w.org\/{rel}","templated":true}]}}