{"id":2495,"date":"2013-05-03T13:00:24","date_gmt":"2013-05-03T18:00:24","guid":{"rendered":"https:\/\/radiowebmx.com\/nota\/?p=2495"},"modified":"2013-05-03T13:00:24","modified_gmt":"2013-05-03T18:00:24","slug":"red-michoacana-de-museos-festeja-dia-internacional-de-museos-con-actividades-artisticas-y-culturales","status":"publish","type":"post","link":"https:\/\/radiowebmx.com\/nota\/red-michoacana-de-museos-festeja-dia-internacional-de-museos-con-actividades-artisticas-y-culturales\/","title":{"rendered":"Red Michoacana de Museos festeja D\u00eda internacional de museos con actividades art\u00edsticas y culturales"},"content":{"rendered":"<p>Reflejar la diversidad cultural y fomentar el inter\u00e9s de la sociedad por el quehacer muse\u00edstico es el objetivo de las actividades programadas por la Red Michoacana de Museos para conmemorar el D\u00eda Internacional de los Museos.<\/p>\n<p>&nbsp;<\/p>\n<p>En conferencia de prensa se dio a conocer el calendario de actividades de cada museo dentro y fuera de la capital del estado; Rita Mar\u00eda Hern\u00e1ndez Hern\u00e1ndez, titular del Archivo y Museo Hist\u00f3rico del Poder Judicial de Michoac\u00e1n, destac\u00f3 la colaboraci\u00f3n de los quince museos integrantes de la red para realizar los eventos culturales y art\u00edsticos, y as\u00ed festejar el 18 de mayo, D\u00eda internacional de los museos.<\/p>\n<p>&nbsp;<\/p>\n<p>Coment\u00f3 que estas actividades tambi\u00e9n enmarcar\u00e1n el noveno aniversario del Museo Hist\u00f3rico del Poder Judicial, del cual indic\u00f3 que: \u201cEs un v\u00ednculo muy importante para que la sociedad conozca el quehacer cultural e hist\u00f3rico que se resguarda en este espacio\u201d.<\/p>\n<p>&nbsp;<\/p>\n<p>Finalmente, Hern\u00e1ndez Hern\u00e1ndez resalt\u00f3 que la festividad muse\u00edstica es una oportunidad para reflexionar sobre el papel que desempe\u00f1an los museos en la construcci\u00f3n de respuestas ante la problem\u00e1tica que vive el mundo.<\/p>\n<p>&nbsp;<\/p>\n<p>Jaime Reyes Monroy, director del Museo Sitio Casa Morelos del INAH, coment\u00f3 que en 2012 se registr\u00f3 la participaci\u00f3n de 32 mil museos, en los cinco continentes del mundo, para conmemorar el D\u00eda internacional de los museos, dato que motiva las expectativas para la presente edici\u00f3n, en la que el Consejo Internacional de Museos ha propuesto el tema: \u201c<em>Museos (memoria + creatividad) = progreso social<\/em>\u201d, como eslogan de la celebraci\u00f3n.<\/p>\n<p>&nbsp;<\/p>\n<p>Record\u00f3 que en 1977 dicho Consejo cre\u00f3 el D\u00eda Internacional de los Museos con el objetivo de sensibilizar al p\u00fablico sobre el papel de los museos en la sociedad actual, donde constantemente aparece nueva tecnolog\u00eda.<\/p>\n<p>&nbsp;<\/p>\n<p>Sobre la Red Michoacana de Museos, destaca su origen en 2012 y est\u00e1 ingregada por el Museo Hist\u00f3rico del Poder Judicial de Michoac\u00e1n, el Museo Regional Michoacano, Museo de Arte Colonial, Museo Casa Sitio Morelos, Museo de Arte Contempor\u00e1neo Alfredo Zalce, Museo de Historia Natural &#8220;Manuel Mart\u00ednez Sol\u00f3rzano&#8221;, el Antiguo Colegio Jesuita y el Museo de Artes y Culturas Populares en P\u00e1tzcuaro, as\u00ed como el Centro Cultural Clavijero y el Ex convento de Triripet\u00edo. Adem\u00e1s, este a\u00f1o se unen a la red, el Centro Cultural Tres Mar\u00edas y el Museo de la Ciudad de Morelia.<\/p>\n<p>&nbsp;<\/p>\n<p>De esta manera, el Poder Judicial de Michoac\u00e1n contribuye al desarrollo de la cultura a trav\u00e9s del Museo Hist\u00f3rico, as\u00ed como de las diversas actividades y expresiones art\u00edsticas que se desarrollan en dicho espacio.<\/p>\n<p>&nbsp;<\/p>\n<p><strong>Actividades del Museo Hist\u00f3rico del Poder Judicial de Michoac\u00e1n<\/strong><\/p>\n<p><strong>\u00a0<\/strong><\/p>\n<p><strong>7 de mayo<\/strong><\/p>\n<p>Presentaci\u00f3n de la obra de Teatro \u201cCarmelita, la guardiana de la justicia\u201d. Patio principal. 9 am.<\/p>\n<p>&nbsp;<\/p>\n<p><strong>9 de mayo <\/strong><\/p>\n<p>Inauguraci\u00f3n de exposici\u00f3n fotogr\u00e1fica: \u201cLos ni\u00f1os trabajadores de M\u00e9xico\u201d. Colecci\u00f3n de la Fototeca Nacional. Sala de exposiciones temporales, planta alta, primer patio.<\/p>\n<p>19 hrs<\/p>\n<p><strong><\/strong><\/p>\n<p><strong>17 de mayo<\/strong><\/p>\n<p>Presentaci\u00f3n de la agrupaci\u00f3n Bola Suriana. Patio principal del Museo Hist\u00f3rico, entrada Libre.<\/p>\n<p>19 hrs <strong><\/strong><\/p>\n<p><strong>\u00a0<\/strong><\/p>\n<p><strong>24 de mayo<\/strong><\/p>\n<p>Presentaci\u00f3n Grupo P\u00farhembe. Patio principal del Museo Hist\u00f3rico, entrada Libre.<\/p>\n<p>19 hrs<\/p>\n<p><strong>\u00a0<\/strong><\/p>\n<p><strong>31 de mayo<\/strong><\/p>\n<p>Presentaci\u00f3n Lupita Leal. Patio principal del Museo Hist\u00f3rico, entrada Libre.<\/p>\n<p>19 hrs<\/p>\n<p>&nbsp;<\/p>\n<p>&nbsp;<\/p>\n","protected":false},"excerpt":{"rendered":"<p>Reflejar la diversidad cultural y fomentar el inter\u00e9s de la sociedad por el quehacer muse\u00edstico es el objetivo de las actividades programadas por la Red Michoacana de Museos para conmemorar el D\u00eda Internacional de los Museos.<\/p>\n","protected":false},"author":1,"featured_media":0,"comment_status":"open","ping_status":"open","sticky":false,"template":"","format":"standard","meta":{"footnotes":""},"categories":[3],"tags":[],"class_list":["post-2495","post","type-post","status-publish","format-standard","hentry","category-gobierno-del-estado-de-michoacan"],"_links":{"self":[{"href":"https:\/\/radiowebmx.com\/nota\/wp-json\/wp\/v2\/posts\/2495","targetHints":{"allow":["GET"]}}],"collection":[{"href":"https:\/\/radiowebmx.com\/nota\/wp-json\/wp\/v2\/posts"}],"about":[{"href":"https:\/\/radiowebmx.com\/nota\/wp-json\/wp\/v2\/types\/post"}],"author":[{"embeddable":true,"href":"https:\/\/radiowebmx.com\/nota\/wp-json\/wp\/v2\/users\/1"}],"replies":[{"embeddable":true,"href":"https:\/\/radiowebmx.com\/nota\/wp-json\/wp\/v2\/comments?post=2495"}],"version-history":[{"count":2,"href":"https:\/\/radiowebmx.com\/nota\/wp-json\/wp\/v2\/posts\/2495\/revisions"}],"predecessor-version":[{"id":2497,"href":"https:\/\/radiowebmx.com\/nota\/wp-json\/wp\/v2\/posts\/2495\/revisions\/2497"}],"wp:attachment":[{"href":"https:\/\/radiowebmx.com\/nota\/wp-json\/wp\/v2\/media?parent=2495"}],"wp:term":[{"taxonomy":"category","embeddable":true,"href":"https:\/\/radiowebmx.com\/nota\/wp-json\/wp\/v2\/categories?post=2495"},{"taxonomy":"post_tag","embeddable":true,"href":"https:\/\/radiowebmx.com\/nota\/wp-json\/wp\/v2\/tags?post=2495"}],"curies":[{"name":"wp","href":"https:\/\/api.w.org\/{rel}","templated":true}]}}