{"id":24926,"date":"2016-07-27T12:03:01","date_gmt":"2016-07-27T17:03:01","guid":{"rendered":"https:\/\/radiowebmx.com\/nota\/?p=24926"},"modified":"2016-07-27T12:03:01","modified_gmt":"2016-07-27T17:03:01","slug":"artesanos-de-chilchota-mostraron-la-calidad-de-sus-creaciones","status":"publish","type":"post","link":"https:\/\/radiowebmx.com\/nota\/artesanos-de-chilchota-mostraron-la-calidad-de-sus-creaciones\/","title":{"rendered":"Artesanos de Chilchota mostraron la calidad de sus creaciones"},"content":{"rendered":"<p><a href=\"https:\/\/radiowebmx.com\/nota\/wp-content\/uploads\/2016\/07\/84af233b-e378-4604-80df-16a279a1f4a9-1.jpg\"><img loading=\"lazy\" decoding=\"async\" class=\"alignleft size-full wp-image-24927\" src=\"https:\/\/radiowebmx.com\/nota\/wp-content\/uploads\/2016\/07\/84af233b-e378-4604-80df-16a279a1f4a9-1.jpg\" alt=\"84af233b-e378-4604-80df-16a279a1f4a9 (1)\" width=\"591\" height=\"332\" srcset=\"https:\/\/radiowebmx.com\/nota\/wp-content\/uploads\/2016\/07\/84af233b-e378-4604-80df-16a279a1f4a9-1.jpg 591w, https:\/\/radiowebmx.com\/nota\/wp-content\/uploads\/2016\/07\/84af233b-e378-4604-80df-16a279a1f4a9-1-300x169.jpg 300w, https:\/\/radiowebmx.com\/nota\/wp-content\/uploads\/2016\/07\/84af233b-e378-4604-80df-16a279a1f4a9-1-128x72.jpg 128w\" sizes=\"auto, (max-width: 591px) 100vw, 591px\" \/><\/a>Los concursos artesanales tienen como objetivo difundir la riqueza hist\u00f3rica, cultural y tradicional de la artesan\u00eda michoacana, adem\u00e1s de incentivar a los artesanos a elaborar piezas de mayor calidad. As\u00ed, 62 art\u00edfices dieron muestra de ello con las 104 piezas que presentaron en el XXX Concurso de Alfarer\u00eda, en el municipio de Chilchota.<\/p>\n<p>El director general del Instituto del Artesano Michoacano (IAM), Marco Antonio Lagunas V\u00e1zquez, detall\u00f3 que en este concurso el IAM, en coordinaci\u00f3n con el Ayuntamiento de Chilchota, entreg\u00f3 31 premios por un monto de 60 mil pesos.<\/p>\n<p>El funcionario estatal reconoci\u00f3 al alcalde de este municipio, Mario Silva Amezcua, por el apoyo y compromiso para otorgar la tercera parte de los premios y trabajar de manera coordinada con el IAM para realizar diferentes proyectos, como el festejo del D\u00eda del Artesano celebrado en la comunidad de Hu\u00e1ncito el a\u00f1o pasado.<\/p>\n<p>Por su parte, el mun\u00edcipe felicit\u00f3 a los art\u00edfices por la belleza, amor y creatividad que plasmaron en las piezas que presentaron para el concurso y asever\u00f3 que seguir\u00e1 sumando esfuerzos con las diferentes dependencias estatales y federales para reunir m\u00e1s apoyos en beneficio de este sector.<\/p>\n<p>Por su parte, el director de Turismo municipal, Armando Acevedo Hern\u00e1ndez, agradeci\u00f3 al IAM el apoyo para los premios y por fomentar el turismo en esta regi\u00f3n a trav\u00e9s de la artesan\u00eda; adem\u00e1s, destac\u00f3 que las y los artesanos de este municipio son dignos representantes de la cultura y tradici\u00f3n de Chilchota.<\/p>\n<p>Las y los artesanos\u00a0\u00a0ganadores del primer lugar en las diferentes categor\u00edas son: Graciela Marcelo Calletano, Ernesto S\u00e1nchez Espicio, Graciela Gonz\u00e1lez Trinidad, Honorina S\u00e1nchez Espicio, Alfredo Felipe F\u00e9lix, Mar\u00eda Concepci\u00f3n Morales Lorenzo, Santiago Molina Bartolo, Juana Alejo Hern\u00e1ndez y Esperanza Cipriano Santiago.<\/p>\n","protected":false},"excerpt":{"rendered":"<p>Los concursos artesanales tienen como objetivo difundir la riqueza hist\u00f3rica, cultural y tradicional de la artesan\u00eda michoacana, adem\u00e1s de incentivar a los artesanos a elaborar piezas de mayor calidad.<\/p>\n","protected":false},"author":1,"featured_media":24927,"comment_status":"open","ping_status":"open","sticky":false,"template":"","format":"standard","meta":{"footnotes":""},"categories":[14,3],"tags":[],"class_list":["post-24926","post","type-post","status-publish","format-standard","has-post-thumbnail","hentry","category-destacadas","category-gobierno-del-estado-de-michoacan"],"_links":{"self":[{"href":"https:\/\/radiowebmx.com\/nota\/wp-json\/wp\/v2\/posts\/24926","targetHints":{"allow":["GET"]}}],"collection":[{"href":"https:\/\/radiowebmx.com\/nota\/wp-json\/wp\/v2\/posts"}],"about":[{"href":"https:\/\/radiowebmx.com\/nota\/wp-json\/wp\/v2\/types\/post"}],"author":[{"embeddable":true,"href":"https:\/\/radiowebmx.com\/nota\/wp-json\/wp\/v2\/users\/1"}],"replies":[{"embeddable":true,"href":"https:\/\/radiowebmx.com\/nota\/wp-json\/wp\/v2\/comments?post=24926"}],"version-history":[{"count":1,"href":"https:\/\/radiowebmx.com\/nota\/wp-json\/wp\/v2\/posts\/24926\/revisions"}],"predecessor-version":[{"id":24928,"href":"https:\/\/radiowebmx.com\/nota\/wp-json\/wp\/v2\/posts\/24926\/revisions\/24928"}],"wp:featuredmedia":[{"embeddable":true,"href":"https:\/\/radiowebmx.com\/nota\/wp-json\/wp\/v2\/media\/24927"}],"wp:attachment":[{"href":"https:\/\/radiowebmx.com\/nota\/wp-json\/wp\/v2\/media?parent=24926"}],"wp:term":[{"taxonomy":"category","embeddable":true,"href":"https:\/\/radiowebmx.com\/nota\/wp-json\/wp\/v2\/categories?post=24926"},{"taxonomy":"post_tag","embeddable":true,"href":"https:\/\/radiowebmx.com\/nota\/wp-json\/wp\/v2\/tags?post=24926"}],"curies":[{"name":"wp","href":"https:\/\/api.w.org\/{rel}","templated":true}]}}