{"id":24923,"date":"2016-07-26T14:19:29","date_gmt":"2016-07-26T19:19:29","guid":{"rendered":"https:\/\/radiowebmx.com\/nota\/?p=24923"},"modified":"2016-07-26T14:19:29","modified_gmt":"2016-07-26T19:19:29","slug":"arranque-de-entrega-de-cartillas-sociales-a-beneficiarios-liconsa","status":"publish","type":"post","link":"https:\/\/radiowebmx.com\/nota\/arranque-de-entrega-de-cartillas-sociales-a-beneficiarios-liconsa\/","title":{"rendered":"ARRANQUE DE ENTREGA DE CARTILLAS SOCIALES A BENEFICIARIOS LICONSA"},"content":{"rendered":"<p><a href=\"https:\/\/radiowebmx.com\/nota\/wp-content\/uploads\/2016\/07\/image2-1.jpg\"><img loading=\"lazy\" decoding=\"async\" class=\"alignleft size-full wp-image-24924\" src=\"https:\/\/radiowebmx.com\/nota\/wp-content\/uploads\/2016\/07\/image2-1.jpg\" alt=\"image2 (1)\" width=\"591\" height=\"334\" srcset=\"https:\/\/radiowebmx.com\/nota\/wp-content\/uploads\/2016\/07\/image2-1.jpg 591w, https:\/\/radiowebmx.com\/nota\/wp-content\/uploads\/2016\/07\/image2-1-300x170.jpg 300w, https:\/\/radiowebmx.com\/nota\/wp-content\/uploads\/2016\/07\/image2-1-128x72.jpg 128w\" sizes=\"auto, (max-width: 591px) 100vw, 591px\" \/><\/a>En el marco de la gira de trabajo por Zinap\u00e9cuaro se dieron cita el Gobernador del Estado; el Ing. Silvano Aureoles Conejo, el Director General de Liconsa; Lic. H\u00e9ctor Pablo Ram\u00edrez Puga Leyva y el Gerente Estatal de Liconsa; Lic. Ger\u00f3nimo Color Gasca para dar arranque a la entrega de Cartillas sociales y nuevas tarjetas a beneficiarios de Liconsa para que sigan recibiendo puntualmente la mejor leche de M\u00e9xico.<\/p>\n<p>Actualmente el municipio de Zinap\u00e9cuaro cuentacon 5 lecher\u00edas 3 liquidas y 2 en polvo sumando un padr\u00f3n hist\u00f3rico de 3,008 beneficiarios que reciben 596,736 litros de leche mensualmente, con acciones como esta el Gobierno de la Rep\u00fablica hace una inversi\u00f3n de 6 millones 295 mil 564 pesos al a\u00f1o en el municipio de Zinap\u00e9cuaro.<\/p>\n<p>En esta gira se puso en marcha la entrega de la denominada Cartilla Social, con la cual se pretende dar a conocer a las familias beneficiadas con programas federales, el estatus que tienen en cada uno de los programas, y que conozcan a detalle en cu\u00e1les est\u00e1n inscrito, en el estado de Michoac\u00e1n se har\u00e1 entrega de 70 mil cartillas a beneficiarios de Liconsa.<\/p>\n<p>En su intervenci\u00f3n Ger\u00f3nimo Color destaco la labor del Presidente de la Rep\u00fablica Enrique Pe\u00f1a Nieto por hacer que m\u00e1s programas sociales lleguen a las personas de escasos recursos, es importante destacar el compromiso por que los michoacanos tengan una alimentaci\u00f3n sana, variada y suficiente.<\/p>\n<p>Al mismo tiempo el delegado invito a las madres de familia a que sigan afili\u00e1ndose al programa Seguro de Vida para Jefas de Familia, ya que es una forma de asegurar y fomentar el proyecto de vida familiar, en el que las nuevas generaciones pueden realizar sus estudios desde la educaci\u00f3n b\u00e1sica hasta una preparaci\u00f3n superior\u201d, como lo mencion\u00f3 el delegado.<\/p>\n<p>Al tomar el micr\u00f3fono el Director General de Liconsa, H\u00e9ctor Pablo Ram\u00edrez Puga Leyva reconoci\u00f3 la gran labor del delegado Ger\u00f3nimo Color y su gran compromiso para con los michoacanos, por lo cual refrendo su compromiso y el del Presidente de la Rep\u00fablica, Enrique Pe\u00f1a Nieto por hacer que el padr\u00f3n de beneficiarios vaya en aumento invitando a las familias que se encontraban presentes en el evento a afiliarse al Programa de Abasto Social de Leche Liconsa para que tengan acceso a la mejor leche de M\u00e9xico en sus hogares.<\/p>\n<p>Asimismo, el Gobernador Silvano Aureoles destac\u00f3 el trabajo coordinado que se ha venido haciendo con el Gobierno Federal en pro de todas las familias de Michoac\u00e1n y que hoy est\u00e1 dando resultados concretos, adem\u00e1s agradeci\u00f3 a Ger\u00f3nimo Color su trabajo incansable por caminar de la mano con el Gobierno Estatal y as\u00ed llegar a los rincones m\u00e1s alejados de todo el estado.<\/p>\n<p>Con acciones como esta se reitera el compromiso del Gobierno Federal por la inclusi\u00f3n social y nutrici\u00f3n de los michoacanos con el fin de garantizarles una mejor calidad de vida.<\/p>\n","protected":false},"excerpt":{"rendered":"<p>En el marco de la gira de trabajo por Zinap\u00e9cuaro se dieron cita el Gobernador del Estado; el Ing. Silvano Aureoles Conejo, el Director General de Liconsa; Lic. H\u00e9ctor Pablo Ram\u00edrez Puga Leyva y el Gerente Estatal de Liconsa; Lic. Ger\u00f3nimo Color Gasca para dar arranque a la entrega de Cartillas sociales y nuevas tarjetas [&hellip;]<\/p>\n","protected":false},"author":1,"featured_media":24924,"comment_status":"open","ping_status":"open","sticky":false,"template":"","format":"standard","meta":{"footnotes":""},"categories":[14,3],"tags":[],"class_list":["post-24923","post","type-post","status-publish","format-standard","has-post-thumbnail","hentry","category-destacadas","category-gobierno-del-estado-de-michoacan"],"_links":{"self":[{"href":"https:\/\/radiowebmx.com\/nota\/wp-json\/wp\/v2\/posts\/24923","targetHints":{"allow":["GET"]}}],"collection":[{"href":"https:\/\/radiowebmx.com\/nota\/wp-json\/wp\/v2\/posts"}],"about":[{"href":"https:\/\/radiowebmx.com\/nota\/wp-json\/wp\/v2\/types\/post"}],"author":[{"embeddable":true,"href":"https:\/\/radiowebmx.com\/nota\/wp-json\/wp\/v2\/users\/1"}],"replies":[{"embeddable":true,"href":"https:\/\/radiowebmx.com\/nota\/wp-json\/wp\/v2\/comments?post=24923"}],"version-history":[{"count":1,"href":"https:\/\/radiowebmx.com\/nota\/wp-json\/wp\/v2\/posts\/24923\/revisions"}],"predecessor-version":[{"id":24925,"href":"https:\/\/radiowebmx.com\/nota\/wp-json\/wp\/v2\/posts\/24923\/revisions\/24925"}],"wp:featuredmedia":[{"embeddable":true,"href":"https:\/\/radiowebmx.com\/nota\/wp-json\/wp\/v2\/media\/24924"}],"wp:attachment":[{"href":"https:\/\/radiowebmx.com\/nota\/wp-json\/wp\/v2\/media?parent=24923"}],"wp:term":[{"taxonomy":"category","embeddable":true,"href":"https:\/\/radiowebmx.com\/nota\/wp-json\/wp\/v2\/categories?post=24923"},{"taxonomy":"post_tag","embeddable":true,"href":"https:\/\/radiowebmx.com\/nota\/wp-json\/wp\/v2\/tags?post=24923"}],"curies":[{"name":"wp","href":"https:\/\/api.w.org\/{rel}","templated":true}]}}