{"id":24917,"date":"2016-07-26T14:03:14","date_gmt":"2016-07-26T19:03:14","guid":{"rendered":"https:\/\/radiowebmx.com\/nota\/?p=24917"},"modified":"2016-07-26T14:03:14","modified_gmt":"2016-07-26T19:03:14","slug":"producir-la-paz-es-un-proceso-de-construccion-que-nos-involucra-a-todos","status":"publish","type":"post","link":"https:\/\/radiowebmx.com\/nota\/producir-la-paz-es-un-proceso-de-construccion-que-nos-involucra-a-todos\/","title":{"rendered":"PRODUCIR LA PAZ ES UN PROCESO DE CONSTRUCCION QUE NOS INVOLUCRA A TODOS."},"content":{"rendered":"<p><a href=\"https:\/\/radiowebmx.com\/nota\/wp-content\/uploads\/2016\/07\/b07e9676-2639-4606-81a1-dd909c7e65aa.jpg\"><img loading=\"lazy\" decoding=\"async\" class=\"alignleft size-full wp-image-24918\" src=\"https:\/\/radiowebmx.com\/nota\/wp-content\/uploads\/2016\/07\/b07e9676-2639-4606-81a1-dd909c7e65aa.jpg\" alt=\"b07e9676-2639-4606-81a1-dd909c7e65aa\" width=\"591\" height=\"269\" srcset=\"https:\/\/radiowebmx.com\/nota\/wp-content\/uploads\/2016\/07\/b07e9676-2639-4606-81a1-dd909c7e65aa.jpg 591w, https:\/\/radiowebmx.com\/nota\/wp-content\/uploads\/2016\/07\/b07e9676-2639-4606-81a1-dd909c7e65aa-300x137.jpg 300w\" sizes=\"auto, (max-width: 591px) 100vw, 591px\" \/><\/a>El Poder Ejecutivo del Estado habr\u00e1 de reglamentar la Ley de Cultura de Paz y Prevenci\u00f3n de la Violencia y la Delincuencia, despu\u00e9s de que,por unanimidad, el Congreso de Michoac\u00e1n\u00a0 la aprob\u00f3 en sesi\u00f3n pasada.<\/p>\n<p>&nbsp;<\/p>\n<p>Quien la propuso e impuls\u00f3 Dip. Wilfrido L\u00e1zaro Medina, Presidente de la Comisi\u00f3n de Seguridad P\u00fablica y Protecci\u00f3n Civil, miembro del grupo parlamentario del PRI, festej\u00f3 que el concepto de cultura de paz est\u00e9 siendo reconocido e incorporado al l\u00e9xico institucional como fundamento para las soluciones de fondo en nuestra entidad.<\/p>\n<p>&nbsp;<\/p>\n<p>Habremos de insistir en que el camino para la paz hay que construirlo con voluntad, tolerancia, respeto y di\u00e1logo como instrumentos fundamentales de la convivencia en comunidad y\u00a0 lograr los acuerdos para la reconciliaci\u00f3n, el progreso con justicia social\u00a0 y, como resultado de ese proceso, la paz positiva.<\/p>\n<p>&nbsp;<\/p>\n<p>La reuni\u00f3n con el sector productivo ha sido muy importante como un inicio para generar compromisos de respaldo para ellos y, a la vez, sentar las bases para la corresponsabilidad y apoyo mutuo.<\/p>\n<p>&nbsp;<\/p>\n<p>De la misma forma en que se dio esa reuni\u00f3n, ahora debemos\u00a0 de promover entre todos,\u00a0 la atracci\u00f3n de inversiones y una educaci\u00f3n de calidad involucrando a toda la comunidad educativa en la que tienen un papel fundamental los Padres de familia, pues la educaci\u00f3n es el eje de desarrollo de los pueblos.<\/p>\n<p>Producir paz es responsabilidad de todos los que vivimos en sociedad y se vienen dando pasos importantes desde los Poderes del Estado y como ejemplo es la aportaci\u00f3n del Legislativo con la Ley de Cultura de Paz y Prevenci\u00f3n de la Violencia y la Delincuencia, que fundamentalmente promueve las soluciones de los problemas desde sus causas para una mejor vida en comunidad.<\/p>\n","protected":false},"excerpt":{"rendered":"<p>El Poder Ejecutivo del Estado habr\u00e1 de reglamentar la Ley de Cultura de Paz y Prevenci\u00f3n de la Violencia y la Delincuencia, despu\u00e9s de que,por unanimidad, el Congreso de Michoac\u00e1n  la aprob\u00f3 en sesi\u00f3n pasada.<\/p>\n","protected":false},"author":1,"featured_media":24918,"comment_status":"open","ping_status":"open","sticky":false,"template":"","format":"standard","meta":{"footnotes":""},"categories":[6,14,7],"tags":[],"class_list":["post-24917","post","type-post","status-publish","format-standard","has-post-thumbnail","hentry","category-congreso-del-estado","category-destacadas","category-grupo-parlamentario-del-pri"],"_links":{"self":[{"href":"https:\/\/radiowebmx.com\/nota\/wp-json\/wp\/v2\/posts\/24917","targetHints":{"allow":["GET"]}}],"collection":[{"href":"https:\/\/radiowebmx.com\/nota\/wp-json\/wp\/v2\/posts"}],"about":[{"href":"https:\/\/radiowebmx.com\/nota\/wp-json\/wp\/v2\/types\/post"}],"author":[{"embeddable":true,"href":"https:\/\/radiowebmx.com\/nota\/wp-json\/wp\/v2\/users\/1"}],"replies":[{"embeddable":true,"href":"https:\/\/radiowebmx.com\/nota\/wp-json\/wp\/v2\/comments?post=24917"}],"version-history":[{"count":1,"href":"https:\/\/radiowebmx.com\/nota\/wp-json\/wp\/v2\/posts\/24917\/revisions"}],"predecessor-version":[{"id":24919,"href":"https:\/\/radiowebmx.com\/nota\/wp-json\/wp\/v2\/posts\/24917\/revisions\/24919"}],"wp:featuredmedia":[{"embeddable":true,"href":"https:\/\/radiowebmx.com\/nota\/wp-json\/wp\/v2\/media\/24918"}],"wp:attachment":[{"href":"https:\/\/radiowebmx.com\/nota\/wp-json\/wp\/v2\/media?parent=24917"}],"wp:term":[{"taxonomy":"category","embeddable":true,"href":"https:\/\/radiowebmx.com\/nota\/wp-json\/wp\/v2\/categories?post=24917"},{"taxonomy":"post_tag","embeddable":true,"href":"https:\/\/radiowebmx.com\/nota\/wp-json\/wp\/v2\/tags?post=24917"}],"curies":[{"name":"wp","href":"https:\/\/api.w.org\/{rel}","templated":true}]}}