{"id":24904,"date":"2016-07-26T11:24:24","date_gmt":"2016-07-26T16:24:24","guid":{"rendered":"https:\/\/radiowebmx.com\/nota\/?p=24904"},"modified":"2016-07-26T11:24:24","modified_gmt":"2016-07-26T16:24:24","slug":"cuarta-reunion-nacional-de-gerentes-liconsa","status":"publish","type":"post","link":"https:\/\/radiowebmx.com\/nota\/cuarta-reunion-nacional-de-gerentes-liconsa\/","title":{"rendered":"CUARTA REUNI\u00d3N NACIONAL DE GERENTES LICONSA"},"content":{"rendered":"<p><a href=\"https:\/\/radiowebmx.com\/nota\/wp-content\/uploads\/2016\/07\/68e1d69a-ceac-4676-947a-2becf51661d9.jpe\"><img loading=\"lazy\" decoding=\"async\" class=\"alignleft size-full wp-image-24905\" src=\"https:\/\/radiowebmx.com\/nota\/wp-content\/uploads\/2016\/07\/68e1d69a-ceac-4676-947a-2becf51661d9.jpe\" alt=\"68e1d69a-ceac-4676-947a-2becf51661d9\" width=\"591\" height=\"301\" srcset=\"https:\/\/radiowebmx.com\/nota\/wp-content\/uploads\/2016\/07\/68e1d69a-ceac-4676-947a-2becf51661d9.jpe 591w, https:\/\/radiowebmx.com\/nota\/wp-content\/uploads\/2016\/07\/68e1d69a-ceac-4676-947a-2becf51661d9-300x153.jpe 300w\" sizes=\"auto, (max-width: 591px) 100vw, 591px\" \/><\/a>Como parte del compromiso del Gobierno de la Rep\u00fablica, encabezado por el Presidente Enrique Pe\u00f1a Nieto de garantizar una alimentaci\u00f3n sana, variada y suficiente, la ma\u00f1ana de este viernes se inaugur\u00f3 la Cuarta Reuni\u00f3n Nacional de Gerentes Liconsa.<\/p>\n<p>A dicha reuni\u00f3n asistieron el Secretario de Desarrollo Social, Jos\u00e9 Antonio Meade Kuribre\u00f1a; el Gobernador de Oaxaca, Gabino Cu\u00e9 Monteagudo; el Director General de Liconsa, H\u00e9ctor Pablo Ram\u00edrez Puga Leyva; la Subsecretaria de Planeaci\u00f3n, Evaluaci\u00f3n y Desarrollo Regional de la Sedesol, Vanessa Rubio M\u00e1rquez; el Coordinador de Delegaciones de Sedesol, Mario Zamora Gastellum; el Presidente de la Comisi\u00f3n de Ganader\u00eda del H. Congreso de la Uni\u00f3n y Presidente de la Confederaci\u00f3n Nacional de Organizaciones Ganaderas, Oswaldo Chazaro Montalvo; el Gerente Estatal de Liconsa en Michoac\u00e1n, Ger\u00f3nimo Color Gasca; entre diversos Gerentes Estatales de Liconsa del pa\u00eds.<\/p>\n<p>En su intervenci\u00f3n, Jos\u00e9 Antonio Meade Kuribre\u00f1a refrend\u00f3 el compromiso del gobierno federal de ampliar el padr\u00f3n de beneficiarios del Programa de Abasto Social de Leche, que cuenta con 6.4 millones de afiliados, adem\u00e1s de agradecer la gran labor que realiza el personal de Liconsa por hacer que este n\u00famero vaya en aumento.<\/p>\n<p>Por su parte, el Gobernador de Oaxaca, Gabino Cu\u00e9 Monteagudo al hacer uso de la palabra, reconoci\u00f3 el trabajo que Liconsa realiza en los estados con sectores m\u00e1s vulnerables como lo son Oaxaca, Michoac\u00e1n, Chiapas y Guerrero, e hizo un llamado por seguir trabajando en conjunto para que cientos de mexicanos sigan accediendo y sean beneficiarios de la leche Liconsa.<\/p>\n<p>H\u00e9ctor Pablo Ram\u00edrez Puga Leyva, Director General de Liconsa destac\u00f3 la invaluable labor que en Liconsa se hace para que miles de mexicanos reciban a diario leche de calidad, tambi\u00e9n, hizo un claro \u00e9nfasis en reconocer la labor que se realiza en el estado de Michoac\u00e1n y del crecimiento favorable que Liconsa ha tenido en la entidad con la implementaci\u00f3n de nuevas lecher\u00edas, as\u00ed como los cientos de comedores comunitarios que ofertan una comida nutritiva a los michoacanos.<\/p>\n<p>En la mencionada reuni\u00f3n, se destacaron los avances que se han tenido en la distribuci\u00f3n de leche a un precio accesible para beneficiar a los m\u00e1s necesitados, as\u00ed como los retos y desaf\u00edos que a\u00fan se tienen por delante.<\/p>\n<p>En este sentido el Secretario de Sedesol, Jos\u00e9 Antonio Meade, dijo que las redes de abasto no se han visto afectadas en aquellos estados en los cuales persiste el conflicto magisterial tal y como son Oaxaca, Chiapas y Michoac\u00e1n, el funcionario destac\u00f3 los operativos especiales puestos en marcha para transportar los productos de la canasta b\u00e1sica a esas entidades<\/p>\n<p>Meade Kuribre\u00f1a detall\u00f3 que en muchas ocasiones esos dispositivos han sido nocturnos y por brechas, para llegar a las poblaciones de dif\u00edcil acceso, lo que permite garantizar la distribuci\u00f3n de alimentos en todas las comunidades de Oaxaca por al menos diez d\u00edas.<\/p>\n<p>Asimismo, Meade Kuribre\u00f1a hizo un amplio reconocimiento a los trabajadores de la empresa Liconsa por su disposici\u00f3n y compromiso con las comunidades con mayores carencias y que requieren del apoyo de estas.<\/p>\n<p>Con estas acciones, se reafirma el compromiso del Presidente de M\u00e9xico, Enrique Pe\u00f1a Nieto que existe hacia los mexicanos por dar una vida digna y de calidad.<\/p>\n","protected":false},"excerpt":{"rendered":"<p>Como parte del compromiso del Gobierno de la Rep\u00fablica, encabezado por el Presidente Enrique Pe\u00f1a Nieto de garantizar una alimentaci\u00f3n sana, variada y suficiente,<\/p>\n","protected":false},"author":1,"featured_media":24905,"comment_status":"open","ping_status":"open","sticky":false,"template":"","format":"standard","meta":{"footnotes":""},"categories":[14,3],"tags":[],"class_list":["post-24904","post","type-post","status-publish","format-standard","has-post-thumbnail","hentry","category-destacadas","category-gobierno-del-estado-de-michoacan"],"_links":{"self":[{"href":"https:\/\/radiowebmx.com\/nota\/wp-json\/wp\/v2\/posts\/24904","targetHints":{"allow":["GET"]}}],"collection":[{"href":"https:\/\/radiowebmx.com\/nota\/wp-json\/wp\/v2\/posts"}],"about":[{"href":"https:\/\/radiowebmx.com\/nota\/wp-json\/wp\/v2\/types\/post"}],"author":[{"embeddable":true,"href":"https:\/\/radiowebmx.com\/nota\/wp-json\/wp\/v2\/users\/1"}],"replies":[{"embeddable":true,"href":"https:\/\/radiowebmx.com\/nota\/wp-json\/wp\/v2\/comments?post=24904"}],"version-history":[{"count":1,"href":"https:\/\/radiowebmx.com\/nota\/wp-json\/wp\/v2\/posts\/24904\/revisions"}],"predecessor-version":[{"id":24906,"href":"https:\/\/radiowebmx.com\/nota\/wp-json\/wp\/v2\/posts\/24904\/revisions\/24906"}],"wp:featuredmedia":[{"embeddable":true,"href":"https:\/\/radiowebmx.com\/nota\/wp-json\/wp\/v2\/media\/24905"}],"wp:attachment":[{"href":"https:\/\/radiowebmx.com\/nota\/wp-json\/wp\/v2\/media?parent=24904"}],"wp:term":[{"taxonomy":"category","embeddable":true,"href":"https:\/\/radiowebmx.com\/nota\/wp-json\/wp\/v2\/categories?post=24904"},{"taxonomy":"post_tag","embeddable":true,"href":"https:\/\/radiowebmx.com\/nota\/wp-json\/wp\/v2\/tags?post=24904"}],"curies":[{"name":"wp","href":"https:\/\/api.w.org\/{rel}","templated":true}]}}