{"id":24901,"date":"2016-07-26T11:12:15","date_gmt":"2016-07-26T16:12:15","guid":{"rendered":"https:\/\/radiowebmx.com\/nota\/?p=24901"},"modified":"2016-07-26T11:12:15","modified_gmt":"2016-07-26T16:12:15","slug":"egresados-de-la-utm-ponen-en-alto-el-nombre-de-la-casa-de-estudios","status":"publish","type":"post","link":"https:\/\/radiowebmx.com\/nota\/egresados-de-la-utm-ponen-en-alto-el-nombre-de-la-casa-de-estudios\/","title":{"rendered":"Egresados de la UTM ponen en alto el nombre de la casa de estudios"},"content":{"rendered":"<p><a href=\"https:\/\/radiowebmx.com\/nota\/wp-content\/uploads\/2016\/07\/041a533e-e2a2-423d-ab36-eb923832a039.jpg\"><img loading=\"lazy\" decoding=\"async\" class=\"alignleft size-full wp-image-24902\" src=\"https:\/\/radiowebmx.com\/nota\/wp-content\/uploads\/2016\/07\/041a533e-e2a2-423d-ab36-eb923832a039.jpg\" alt=\"041a533e-e2a2-423d-ab36-eb923832a039\" width=\"591\" height=\"511\" srcset=\"https:\/\/radiowebmx.com\/nota\/wp-content\/uploads\/2016\/07\/041a533e-e2a2-423d-ab36-eb923832a039.jpg 591w, https:\/\/radiowebmx.com\/nota\/wp-content\/uploads\/2016\/07\/041a533e-e2a2-423d-ab36-eb923832a039-300x259.jpg 300w\" sizes=\"auto, (max-width: 591px) 100vw, 591px\" \/><\/a>Con su destacada formaci\u00f3n acad\u00e9mica y desempe\u00f1o laboral, Arturo Molina L\u00f3pez, egresado de la Universidad Tecnol\u00f3gica de Morelia (UTM) de la carrera de T\u00e9cnico Superior Universitario (TSU) en Mantenimiento, \u00e1rea Industrial, generaci\u00f3n 2004-2006, ha puesto en alto el nombre de esta casa de estudios.<\/p>\n<p>Es de reconocer la trayectoria de Molina L\u00f3pez, quien despu\u00e9s de obtener las bases acad\u00e9micas en la UTM, tras titularse como TSU decidi\u00f3 concluir su Ingenier\u00eda Industrial a distancia, buscando posteriormente el grado de maestro en Administraci\u00f3n de Empresas.<\/p>\n<p>Desde que egres\u00f3 como TSU, gracias a la vinculaci\u00f3n entre la UTM y el sector productivo, Molina L\u00f3pez fue contratado por la empresa\u00a0Andritz Hydro, en donde por alrededor de una d\u00e9cada cubri\u00f3 diferentes perfiles, como auxiliar en\u00a0el Departamento de M\u00e9todos,\u00a0l\u00edder\u00a0de estimaciones\u00a0en el Departamento de Ventas, l\u00edder de planeaci\u00f3n y estimaciones del \u00c1rea Mec\u00e1nica, entre otros.<\/p>\n<p>Uno de sus aportes m\u00e1s destacados en\u00a0Andritz\u00a0fue encabezar el proyecto\u00a0de Manufactura\u00a0Esbelta, en el cual dise\u00f1\u00f3 una metodolog\u00eda\u00a0que\u00a0agrupa varias herramientas que\u00a0eliminan desperdicios en una empresa y la cual sigue vigente. Dicho proyecto lo present\u00f3 junto con el director de esta compa\u00f1\u00eda a representantes de Latinoam\u00e9rica y directivos de Europa, as\u00ed como de Estados Unidos.<\/p>\n<p>Derivado del seguimiento a egresados que lleva la\u00a0Jefatura de Pr\u00e1cticas y Estad\u00edas, adem\u00e1s de la Direcci\u00f3n de la carrera de Mantenimiento Industrial, la colocaci\u00f3n de los egresados de la UTM es una de las tres m\u00e1s altas del subsistema de Universidades Tecnol\u00f3gicas del pa\u00eds, con el 80 por ciento en TSU y el 92 por ciento en Ingenier\u00edas y Licenciaturas.<\/p>\n<p>La UTM cuenta con un modelo educativo que se basa en un 70 por ciento pr\u00e1ctica y 30 por ciento teor\u00eda, permitiendo al estudiante la vinculaci\u00f3n con el sector productivo. \u201cLa Universidad te permite desarrollarte en la parte te\u00f3rica y pr\u00e1ctica, te relaciona con el \u00e1mbito laboral y ah\u00ed tienes un acercamiento real, en donde podemos aplicar todos los conocimientos adquiridos durante nuestra formaci\u00f3n\u201d, expuso Molina L\u00f3pez.<\/p>\n<p>Otra caracter\u00edstica de este modelo educativo es que el estudiante termina sus estudios en tres a\u00f1os con ocho meses, obteniendo su primer t\u00edtulo a los dos a\u00f1os como TSU y el segundo al concluir su Ingenier\u00eda un a\u00f1o con ocho meses despu\u00e9s, adem\u00e1s de ocho meses de experiencia laboral en el sector productivo.<\/p>\n<p>El director de la carrera de Mantenimiento Industrial de la UTM,\u00a0Agust\u00edn de la Torre Torres, coment\u00f3 que los estudiantes adquieren competencias para dise\u00f1ar estrategias de mantenimiento mediante el an\u00e1lisis de factores humanos, tecnol\u00f3gicos, econ\u00f3micos y financieros, lo que les permite elaborar y administrar un plan maestro que garantice la disponibilidad y confiabilidad de una planta productiva, contribuyendo a la competitividad de la empresa. Esto hace que los j\u00f3venes elijan este programa educativo como una primera opci\u00f3n dentro la gama de ingenier\u00edas disponibles en el mercado.<br \/>\nActualmente, Molina L\u00f3pez colabora en la empresa FCA FIAT Chrysler Asociation, con sede en Toluca, Estado de M\u00e9xico, en donde tiene el cargo como Unique Lider, es decir, se encarga de supervisar y coordinar un grupo de personas que participan en el ensamble de autom\u00f3viles.<\/p>\n<p>\u201cLa perseverancia, as\u00ed como fijarte un objetivo, son la clave para llegar hasta donde t\u00fa te lo propongas, siempre caminando hacia delante\u201d, indic\u00f3 Arturo Molina L\u00f3pez, un caso m\u00e1s de \u00e9xito de los egresados de la UTM y quien en pr\u00f3ximas fechas cumplir\u00e1 otra de sus metas, estudiar una segunda maestr\u00eda.<\/p>\n","protected":false},"excerpt":{"rendered":"<p>Con su destacada formaci\u00f3n acad\u00e9mica y desempe\u00f1o laboral, Arturo Molina L\u00f3pez, egresado de la UTM de la carrera de TSU en Mantenimiento, \u00e1rea Industrial, generaci\u00f3n 2004-2006, ha puesto en alto el nombre de esta casa de estudios.<\/p>\n","protected":false},"author":1,"featured_media":24902,"comment_status":"open","ping_status":"open","sticky":false,"template":"","format":"standard","meta":{"footnotes":""},"categories":[14,3],"tags":[],"class_list":["post-24901","post","type-post","status-publish","format-standard","has-post-thumbnail","hentry","category-destacadas","category-gobierno-del-estado-de-michoacan"],"_links":{"self":[{"href":"https:\/\/radiowebmx.com\/nota\/wp-json\/wp\/v2\/posts\/24901","targetHints":{"allow":["GET"]}}],"collection":[{"href":"https:\/\/radiowebmx.com\/nota\/wp-json\/wp\/v2\/posts"}],"about":[{"href":"https:\/\/radiowebmx.com\/nota\/wp-json\/wp\/v2\/types\/post"}],"author":[{"embeddable":true,"href":"https:\/\/radiowebmx.com\/nota\/wp-json\/wp\/v2\/users\/1"}],"replies":[{"embeddable":true,"href":"https:\/\/radiowebmx.com\/nota\/wp-json\/wp\/v2\/comments?post=24901"}],"version-history":[{"count":1,"href":"https:\/\/radiowebmx.com\/nota\/wp-json\/wp\/v2\/posts\/24901\/revisions"}],"predecessor-version":[{"id":24903,"href":"https:\/\/radiowebmx.com\/nota\/wp-json\/wp\/v2\/posts\/24901\/revisions\/24903"}],"wp:featuredmedia":[{"embeddable":true,"href":"https:\/\/radiowebmx.com\/nota\/wp-json\/wp\/v2\/media\/24902"}],"wp:attachment":[{"href":"https:\/\/radiowebmx.com\/nota\/wp-json\/wp\/v2\/media?parent=24901"}],"wp:term":[{"taxonomy":"category","embeddable":true,"href":"https:\/\/radiowebmx.com\/nota\/wp-json\/wp\/v2\/categories?post=24901"},{"taxonomy":"post_tag","embeddable":true,"href":"https:\/\/radiowebmx.com\/nota\/wp-json\/wp\/v2\/tags?post=24901"}],"curies":[{"name":"wp","href":"https:\/\/api.w.org\/{rel}","templated":true}]}}