{"id":24895,"date":"2016-07-26T11:06:29","date_gmt":"2016-07-26T16:06:29","guid":{"rendered":"https:\/\/radiowebmx.com\/nota\/?p=24895"},"modified":"2016-07-26T11:06:29","modified_gmt":"2016-07-26T16:06:29","slug":"en-michoacan-no-nos-rendimos-hasta-alcanzar-la-paz-plena-silvano-aureoles","status":"publish","type":"post","link":"https:\/\/radiowebmx.com\/nota\/en-michoacan-no-nos-rendimos-hasta-alcanzar-la-paz-plena-silvano-aureoles\/","title":{"rendered":"En Michoac\u00e1n no nos rendimos hasta alcanzar la paz plena: Silvano Aureoles"},"content":{"rendered":"<p><a href=\"https:\/\/radiowebmx.com\/nota\/wp-content\/uploads\/2016\/07\/32512edb-a53a-436b-ab42-8808ac2c13ae.jpeg\"><img loading=\"lazy\" decoding=\"async\" class=\"alignleft size-full wp-image-24896\" src=\"https:\/\/radiowebmx.com\/nota\/wp-content\/uploads\/2016\/07\/32512edb-a53a-436b-ab42-8808ac2c13ae.jpeg\" alt=\"32512edb-a53a-436b-ab42-8808ac2c13ae\" width=\"591\" height=\"307\" srcset=\"https:\/\/radiowebmx.com\/nota\/wp-content\/uploads\/2016\/07\/32512edb-a53a-436b-ab42-8808ac2c13ae.jpeg 591w, https:\/\/radiowebmx.com\/nota\/wp-content\/uploads\/2016\/07\/32512edb-a53a-436b-ab42-8808ac2c13ae-300x156.jpeg 300w\" sizes=\"auto, (max-width: 591px) 100vw, 591px\" \/><\/a>Al sostener un encuentro con representantes de los sectores empresarial, acad\u00e9mico y social del estado, el Gobernador Constitucional, Silvano Aureoles Conejo, afirm\u00f3 que &#8220;aqu\u00ed no se rinde nadie, porque mi reto es que\u00a0Michoac\u00e1n alcance la paz plena, la estabilidad y con ello el crecimiento y el desarrollo&#8221;.<\/p>\n<p>En una reuni\u00f3n plural, en donde el mandatario escuch\u00f3 los planteamientos de las y los ciudadanos, reiter\u00f3 que hay tres ejes principales en su Gobierno, como son la seguridad p\u00fablica, la educaci\u00f3n de calidad y las finanzas sanas.<\/p>\n<p>En este marco, comparti\u00f3 algunos de los avances que se han tenido en materia de seguridad, y para ello una acci\u00f3n fundamental es el fortalecimiento de las instituciones; en este sentido enfatiz\u00f3\u00a0que en Michoac\u00e1n no hay respeto, ni clemencia, ni tolerancia para ning\u00fan grupo delincuencial, al se\u00f1alar que el que violente la ley y cometa delitos ser\u00e1 detenido y enfrentar\u00e1 la fuerza del Estado.<\/p>\n<p>Silvano Aureoles comparti\u00f3 con las y los presentes, parte del Plan de Seguridad que implementa su administraci\u00f3n y que dijo, en breve se reflejar\u00e1n los resultados con una Polic\u00eda profesional, equipada, con la regionalizaci\u00f3n de los Cuarteles, as\u00ed como con tecnolog\u00eda y capacitaci\u00f3n permanente.<\/p>\n<p>Reconoci\u00f3 la presencia de los diversos sectores y subray\u00f3 la importancia de mantener un di\u00e1logo permanente y de compartir informaci\u00f3n respecto de los avances que ha tenido la entidad en diferentes rubros.<\/p>\n<p>Indic\u00f3 que la seguridad p\u00fablica es fundamental para lograr mejores condiciones financieras\u00a0y un eje articulador es la educaci\u00f3n como instrumento de transformaci\u00f3n y cohesi\u00f3n social; se\u00f1al\u00f3 que se han tenido avances positivos, lo que no quiere decir que todo est\u00e1 bien, pues se manifest\u00f3 convencido de que se requiere no detener el paso para alcanzar los objetivos propuestos.<\/p>\n<p>Dijo que las transformaciones no se pueden dar de la noche a la ma\u00f1ana, al se\u00f1alar que la debilidad del estado se remonta a 30 a\u00f1os atr\u00e1s, ya que diversos rubros como el educativo, el de la salud, la seguridad y el social, se fueron deteriorando por falta de atenci\u00f3n, pero hoy con el apoyo decidido de la Federaci\u00f3n, se trabaja para enfrentar estos retos y llevar a Michoac\u00e1n al desarrollo y a la prosperidad.<\/p>\n<p>Reiter\u00f3 que la seguridad es responsabilidad del Gobierno y la autoridad ha respondido de manera contundente ante la delincuencia, porque en dicho rengl\u00f3n no se dar\u00e1 un paso atr\u00e1s y hay cero tolerancia al crimen, no se puede pactar con delincuentes y se tiene que aplicar la ley. En ese tenor, destac\u00f3 el trabajo que se desarrolla en la Tierra Caliente, con la implementaci\u00f3n de acciones para hacer de Cenobio Moreno y de \u00daspero comunidades modelo.<\/p>\n<p>En cuanto al tema educativo, ratific\u00f3 que es una prioridad y se ha planteado una ruta ante la situaci\u00f3n que prevalece en la entidad, sin embargo, coment\u00f3 que los avances tambi\u00e9n dependen de los acuerdos a los que se llegue entre el Gobierno de la Rep\u00fablica y el magisterio democr\u00e1tico.<\/p>\n<p>Silvano Aureoles reiter\u00f3 su disposici\u00f3n de mantener una estrecha comunicaci\u00f3n con los diferentes sectores y sostener estos encuentros de manera trimestral, as\u00ed\u00a0 como reuniones con las empresarias michoacanas cada mes y revisar la Agenda por Michoac\u00e1n cada semestre.<\/p>\n<p>Al evento tambi\u00e9n asisti\u00f3 el general Pedro Felipe Gurrola Ram\u00edrez, comandante de la XII Regi\u00f3n Militar y mando especial para la Seguridad de Michoac\u00e1n, quien se\u00f1al\u00f3 que el Gobernador Aureoles Conejo ha dado un impulso renovado al Grupo de Coordinaci\u00f3n encargado de velar por la seguridad del estado.<\/p>\n<p>Inform\u00f3 parte de las acciones logradas en estos primeros meses de la actual administraci\u00f3n, entre ellos, la desactivaci\u00f3n de los grupos de Autodefensas; la firma del Mando \u00danico con la mayor\u00eda de los municipios; el proceso de depuraci\u00f3n, certificaci\u00f3n y profesionalizaci\u00f3n de la Polic\u00eda Michoac\u00e1n; la firma de convenio entre la Secretar\u00eda de la Defensa Nacional (Sedena) y el Gobierno Estatal, por medio del cual mil elementos forman la Polic\u00eda Militar desplegada en diversos municipios de la entidad, entre otros.<\/p>\n<p>En su turno, el secretario de Gobierno, Adri\u00e1n L\u00f3pez Sol\u00eds, sostuvo que estos encuentros tienen el objetivo de mantener una comunicaci\u00f3n permanente, abierta entre la administraci\u00f3n estatal y las y los ciudadanos, porque no hay pol\u00edtica p\u00fablica efectiva sin la participaci\u00f3n de la sociedad.<\/p>\n<p>De igual forma, el secretario de Seguridad, Jos\u00e9 Antonio Bernal Bustamante y el procurador general de Justicia del Estado, Jos\u00e9 Mart\u00edn Godoy Castro, expusieron a las y los asistentes diversas vertientes de trabajo enmarcadas en la Estrategia de Seguridad y en las cuales se han tenido importantes avances, en donde el objetivo es preservar y garantizar el orden p\u00fablico con estricto apego a los derechos humanos.<\/p>\n<p>El titular de la SSP indic\u00f3 que se han planteado cinco pilares como es la inteligencia policial, la operaci\u00f3n estrat\u00e9gica, la coordinaci\u00f3n institucional, la tecnolog\u00eda de vanguardia y la profesionalizaci\u00f3n; en tanto, el Procurador destac\u00f3 la disminuci\u00f3n en delitos como el secuestro, en el que en a\u00f1os anteriores la incidencia fue de hasta 28 secuestros al mes y hoy en d\u00eda es de dos a tres casos mensuales.<\/p>\n<p>En un di\u00e1logo abierto, el Gobernador Silvano Aureoles escuch\u00f3 los puntos de vista y planteamientos de representantes de los diversos sectores convocados, a quienes reiter\u00f3 su disposici\u00f3n de seguir caminando juntos para lograr el desarrollo de Michoac\u00e1n.<\/p>\n<p>En primera instancia hizo uso de la palabra Isllal\u00ed Belmonte Rosales, integrante ciudadano del Consejo de Seguridad y representante de las mujeres empresarias, quien sostuvo la necesidad de establecer un Plan Estrat\u00e9gico de crecimiento que permita posicionar a la entidad en materia tur\u00edstica, al tiempo que manifest\u00f3 \u201ctrabajemos juntos por este gran proyecto que es Michoac\u00e1n\u201d.<\/p>\n<p>Juan Carlos Osorio Laris, presidente de la C\u00e1mara de la Industria de la Radio y la Televisi\u00f3n, delegaci\u00f3n Michoac\u00e1n, celebr\u00f3 estas reuniones, que dijo, son necesarias y ben\u00e9ficas para la entidad, y sostuvo que el Gobierno cuenta con todo el apoyo especialmente en el tema educativo, adem\u00e1s de resaltar la necesidad del\u00a0sentido com\u00fan y la comunicaci\u00f3n para proyectar el Michoac\u00e1n que todos queremos.<\/p>\n<p>Por otra parte, Roberto Ram\u00edrez Delgado, presidente de la Fundaci\u00f3n Ciudadana para el Desarrollo Integral de Michoac\u00e1n (Fucidim) y coordinador de las siete Mesas de Seguridad y Justicia de la entidad, resalt\u00f3 el ejercicio de comunicaci\u00f3n que hoy se realiz\u00f3, al se\u00f1alar que existe un real inter\u00e9s de la sociedad civil de poder ser escuchados y tomados en cuenta.<\/p>\n<p>El comunicador, Ignacio Mart\u00ednez, destac\u00f3 el trabajo que se ha desarrollado en las comunidades de Cenobio Moreno y en \u00daspero en la Tierra Caliente, donde afirm\u00f3 que hoy en d\u00eda son otras, con ni\u00f1os jugando, polic\u00edas y soldados\u00a0interactuando con la gente y \u00a0una sociedad participativa que ha vuelto a confiar en el Gobierno que est\u00e1 creando credibilidad en una zona que era pr\u00e1cticamente imposible de visitar, lo que responde a una decisi\u00f3n del mandatario Silvano Aureoles de ir a estas localidades y trabajar en ellas.<\/p>\n<p>El tambi\u00e9n comunicador, Juan Jos\u00e9 Rosales Gallegos, coincidi\u00f3 que ambas comunidades son ejemplo de que las cosas se pueden hacer bien, este modelo dijo, es necesario que se reproduzca en otras regiones y se pronunci\u00f3 porque tanto el Gobierno como la sociedad haga la parte que le toca a cada uno por el bien de Michoac\u00e1n.<\/p>\n<p>Al evento tambi\u00e9n asisti\u00f3 el presidente de la Mesa Directiva del Congreso del Estado, el diputado Raymundo Arreola Ortega; el magistrado, Marco Antonio Flores Negrete, presidente del Supremo Tribunal de Justicia del Estado; los generales Jos\u00e9 Francisco Morales C\u00e1zares y Cruz Isaac Mu\u00f1oz Navarro, comandantes de la 21 y de la 43 Zona Militar, respectivamente; el rector de la Universidad Michoacana de San Nicol\u00e1s de Hidalgo, Medardo Serna Gonz\u00e1lez; Dolores de los \u00c1ngeles N\u00e1zares Jer\u00f3nimo, secretaria Ejecutiva del Sistema Estatal de Seguridad P\u00fablica; el alcalde de Morelia, Alfonso Mart\u00ednez Alc\u00e1zar, integrantes del Gabinete estatal, as\u00ed como representantes de medios de comunicaci\u00f3n, del sector acad\u00e9mico, empresarial, productivo y social.<\/p>\n","protected":false},"excerpt":{"rendered":"<p>Al sostener un encuentro con representantes de los sectores empresarial, acad\u00e9mico y social del estado, el Gobernador Constitucional, Silvano Aureoles Conejo,<\/p>\n","protected":false},"author":1,"featured_media":24896,"comment_status":"open","ping_status":"open","sticky":false,"template":"","format":"standard","meta":{"footnotes":""},"categories":[14,3],"tags":[],"class_list":["post-24895","post","type-post","status-publish","format-standard","has-post-thumbnail","hentry","category-destacadas","category-gobierno-del-estado-de-michoacan"],"_links":{"self":[{"href":"https:\/\/radiowebmx.com\/nota\/wp-json\/wp\/v2\/posts\/24895","targetHints":{"allow":["GET"]}}],"collection":[{"href":"https:\/\/radiowebmx.com\/nota\/wp-json\/wp\/v2\/posts"}],"about":[{"href":"https:\/\/radiowebmx.com\/nota\/wp-json\/wp\/v2\/types\/post"}],"author":[{"embeddable":true,"href":"https:\/\/radiowebmx.com\/nota\/wp-json\/wp\/v2\/users\/1"}],"replies":[{"embeddable":true,"href":"https:\/\/radiowebmx.com\/nota\/wp-json\/wp\/v2\/comments?post=24895"}],"version-history":[{"count":1,"href":"https:\/\/radiowebmx.com\/nota\/wp-json\/wp\/v2\/posts\/24895\/revisions"}],"predecessor-version":[{"id":24897,"href":"https:\/\/radiowebmx.com\/nota\/wp-json\/wp\/v2\/posts\/24895\/revisions\/24897"}],"wp:featuredmedia":[{"embeddable":true,"href":"https:\/\/radiowebmx.com\/nota\/wp-json\/wp\/v2\/media\/24896"}],"wp:attachment":[{"href":"https:\/\/radiowebmx.com\/nota\/wp-json\/wp\/v2\/media?parent=24895"}],"wp:term":[{"taxonomy":"category","embeddable":true,"href":"https:\/\/radiowebmx.com\/nota\/wp-json\/wp\/v2\/categories?post=24895"},{"taxonomy":"post_tag","embeddable":true,"href":"https:\/\/radiowebmx.com\/nota\/wp-json\/wp\/v2\/tags?post=24895"}],"curies":[{"name":"wp","href":"https:\/\/api.w.org\/{rel}","templated":true}]}}