{"id":24892,"date":"2016-07-26T11:00:10","date_gmt":"2016-07-26T16:00:10","guid":{"rendered":"https:\/\/radiowebmx.com\/nota\/?p=24892"},"modified":"2016-07-26T11:00:10","modified_gmt":"2016-07-26T16:00:10","slug":"iifeem-y-sedesol-coordinan-esfuerzos-en-pro-de-cenobio-moreno-apatzingan","status":"publish","type":"post","link":"https:\/\/radiowebmx.com\/nota\/iifeem-y-sedesol-coordinan-esfuerzos-en-pro-de-cenobio-moreno-apatzingan\/","title":{"rendered":"IIFEEM y Sedesol coordinan esfuerzos en pro de Cenobio Moreno, Apatzing\u00e1n"},"content":{"rendered":"<p><a href=\"https:\/\/radiowebmx.com\/nota\/wp-content\/uploads\/2016\/07\/3a4e00d6-2464-42dc-ae6e-f930d1ea9b91.jpg\"><img loading=\"lazy\" decoding=\"async\" class=\"alignleft size-full wp-image-24893\" src=\"https:\/\/radiowebmx.com\/nota\/wp-content\/uploads\/2016\/07\/3a4e00d6-2464-42dc-ae6e-f930d1ea9b91.jpg\" alt=\"3a4e00d6-2464-42dc-ae6e-f930d1ea9b91\" width=\"591\" height=\"322\" srcset=\"https:\/\/radiowebmx.com\/nota\/wp-content\/uploads\/2016\/07\/3a4e00d6-2464-42dc-ae6e-f930d1ea9b91.jpg 591w, https:\/\/radiowebmx.com\/nota\/wp-content\/uploads\/2016\/07\/3a4e00d6-2464-42dc-ae6e-f930d1ea9b91-300x163.jpg 300w\" sizes=\"auto, (max-width: 591px) 100vw, 591px\" \/><\/a>Con el objetivo de conjuntar esfuerzos en materia de infraestructura educativa en beneficio de la escuela primaria \u201cJos\u00e9 Mar\u00eda Morelos\u201d de la comunidad de Cenobio Moreno, municipio de Apatzing\u00e1n, la directora general del Instituto de la Infraestructura F\u00edsica Educativa (IIFEEM), Mar\u00eda Guadalupe D\u00edaz Chagolla, se reuni\u00f3 con el delegado en la entidad de la Secretar\u00eda de Desarrollo Social (Sedesol), V\u00edctor Tapia Casta\u00f1eda.<\/p>\n<p>Durante el encuentro de trabajo, la funcionaria extern\u00f3 su inter\u00e9s de coordinar esfuerzos para optimizar los recursos y evitar la duplicidad de los trabajos, puesto que la Sedesol ha entregado una aportaci\u00f3n de 600 mil pesos para la rehabilitaci\u00f3n de dicho plantel.<\/p>\n<p>Por su parte, el funcionario federal indic\u00f3 que el objetivo es que el inmueble sea restaurado debido a su valor hist\u00f3rico, ya que fue fundado en 1948 por el General L\u00e1zaro C\u00e1rdenas del R\u00edo, por lo que se busca recuperar este espacio con la rehabilitaci\u00f3n de los techos.<\/p>\n<p>D\u00edaz Chagolla refiri\u00f3 que el IIFEEM, dentro del cat\u00e1logo de conceptos de acciones a realizar en la escuela primaria, ya ten\u00eda contemplado atender los techos del plantel; sin embargo, dada la aportaci\u00f3n federal, este trabajo ser\u00e1 realizado por la Sedesol a trav\u00e9s del Programa Empleo Temporal, por lo que el recurso que la dependencia estatal ten\u00eda programado para ello ser\u00e1 contemplado para realizar el cerco perimetral del plantel.<\/p>\n<p>Finalmente, D\u00edaz Chagolla inform\u00f3 que el IIFEEM contin\u00faa trabajando en la construcci\u00f3n de dos aulas nuevas y en la rehabilitaci\u00f3n general del plantel y de los servicios sanitarios, lo cual registra un avance f\u00edsico del 40 por ciento.<\/p>\n","protected":false},"excerpt":{"rendered":"<p>Con el objetivo de conjuntar esfuerzos en materia de infraestructura educativa en beneficio de la escuela primaria \u201cJos\u00e9 Mar\u00eda Morelos\u201d de la comunidad de Cenobio Moreno, municipio de Apatzing\u00e1n, <\/p>\n","protected":false},"author":1,"featured_media":24893,"comment_status":"open","ping_status":"open","sticky":false,"template":"","format":"standard","meta":{"footnotes":""},"categories":[14,3],"tags":[],"class_list":["post-24892","post","type-post","status-publish","format-standard","has-post-thumbnail","hentry","category-destacadas","category-gobierno-del-estado-de-michoacan"],"_links":{"self":[{"href":"https:\/\/radiowebmx.com\/nota\/wp-json\/wp\/v2\/posts\/24892","targetHints":{"allow":["GET"]}}],"collection":[{"href":"https:\/\/radiowebmx.com\/nota\/wp-json\/wp\/v2\/posts"}],"about":[{"href":"https:\/\/radiowebmx.com\/nota\/wp-json\/wp\/v2\/types\/post"}],"author":[{"embeddable":true,"href":"https:\/\/radiowebmx.com\/nota\/wp-json\/wp\/v2\/users\/1"}],"replies":[{"embeddable":true,"href":"https:\/\/radiowebmx.com\/nota\/wp-json\/wp\/v2\/comments?post=24892"}],"version-history":[{"count":1,"href":"https:\/\/radiowebmx.com\/nota\/wp-json\/wp\/v2\/posts\/24892\/revisions"}],"predecessor-version":[{"id":24894,"href":"https:\/\/radiowebmx.com\/nota\/wp-json\/wp\/v2\/posts\/24892\/revisions\/24894"}],"wp:featuredmedia":[{"embeddable":true,"href":"https:\/\/radiowebmx.com\/nota\/wp-json\/wp\/v2\/media\/24893"}],"wp:attachment":[{"href":"https:\/\/radiowebmx.com\/nota\/wp-json\/wp\/v2\/media?parent=24892"}],"wp:term":[{"taxonomy":"category","embeddable":true,"href":"https:\/\/radiowebmx.com\/nota\/wp-json\/wp\/v2\/categories?post=24892"},{"taxonomy":"post_tag","embeddable":true,"href":"https:\/\/radiowebmx.com\/nota\/wp-json\/wp\/v2\/tags?post=24892"}],"curies":[{"name":"wp","href":"https:\/\/api.w.org\/{rel}","templated":true}]}}